{"id":10701,"date":"2025-11-10T14:41:47","date_gmt":"2025-11-10T17:41:47","guid":{"rendered":"https:\/\/sanignacioconcepcion.cl\/sitio\/?p=10701"},"modified":"2025-11-10T14:52:31","modified_gmt":"2025-11-10T17:52:31","slug":"60-estudiantes-de-4-basico-recibieron-su-primera-comunion","status":"publish","type":"post","link":"http:\/\/sanignacioconcepcion.cl\/sitio\/60-estudiantes-de-4-basico-recibieron-su-primera-comunion\/","title":{"rendered":"60 estudiantes de 4\u00b0 B\u00e1sico recibieron su Primera Comuni\u00f3n"},"content":{"rendered":"<p data-start=\"397\" data-end=\"654\">El s\u00e1bado 8 de noviembre se realiz\u00f3 en nuestro colegio la Primera Comuni\u00f3n de 60 estudiantes de 4\u00b0 B\u00e1sico, quienes durante dos a\u00f1os participaron en un proceso de preparaci\u00f3n guiado por el equipo de Pastoral y Formaci\u00f3n, catequistas y sus educadores.<\/p>\n<p data-start=\"656\" data-end=\"1027\">La Primera Comuni\u00f3n es un sacramento, donde los ni\u00f1os y ni\u00f1as reciben por primera vez la Eucarist\u00eda, signo de la presencia de Jes\u00fas que acompa\u00f1a y fortalece la vida de fe. Como comunidad educativa, valoramos este momento porque forma parte del crecimiento espiritual y del desarrollo integral que promovemos en nuestros estudiantes.<\/p>\n<p data-start=\"1029\" data-end=\"1259\">El proceso de preparaci\u00f3n incluy\u00f3 encuentros formativos, momentos de oraci\u00f3n, celebraciones lit\u00fargicas y espacios de di\u00e1logo con sus familias, buscando que cada estudiante comprendiera el sentido de este paso en su vida cristiana.<\/p>\n<p data-start=\"1261\" data-end=\"1390\">Agradecemos profundamente a las familias por acompa\u00f1ar este camino, y a los catequistas y educadores por su constante dedicaci\u00f3n. <strong><a href=\"https:\/\/photos.app.goo.gl\/gQRvHBD44zGWV3fv6\"><span style=\"color: #800000;\">Ver fotos<\/span><\/a><\/strong><\/p>\n","protected":false},"excerpt":{"rendered":"<p>El s\u00e1bado 8 de noviembre se realiz\u00f3 en nuestro colegio la Primera Comuni\u00f3n de 60 estudiantes de 4\u00b0 B\u00e1sico, quienes durante dos a\u00f1os participaron en un proceso de preparaci\u00f3n guiado por el equipo de Pastoral y Formaci\u00f3n, catequistas y sus educadores. La Primera Comuni\u00f3n es un sacramento, donde los ni\u00f1os y ni\u00f1as reciben por primera&hellip;<\/p>\n","protected":false},"author":1,"featured_media":10702,"comment_status":"closed","ping_status":"closed","sticky":false,"template":"","format":"standard","meta":[],"categories":[4],"tags":[],"_links":{"self":[{"href":"http:\/\/sanignacioconcepcion.cl\/sitio\/wp-json\/wp\/v2\/posts\/10701"}],"collection":[{"href":"http:\/\/sanignacioconcepcion.cl\/sitio\/wp-json\/wp\/v2\/posts"}],"about":[{"href":"http:\/\/sanignacioconcepcion.cl\/sitio\/wp-json\/wp\/v2\/types\/post"}],"author":[{"embeddable":true,"href":"http:\/\/sanignacioconcepcion.cl\/sitio\/wp-json\/wp\/v2\/users\/1"}],"replies":[{"embeddable":true,"href":"http:\/\/sanignacioconcepcion.cl\/sitio\/wp-json\/wp\/v2\/comments?post=10701"}],"version-history":[{"count":2,"href":"http:\/\/sanignacioconcepcion.cl\/sitio\/wp-json\/wp\/v2\/posts\/10701\/revisions"}],"predecessor-version":[{"id":10707,"href":"http:\/\/sanignacioconcepcion.cl\/sitio\/wp-json\/wp\/v2\/posts\/10701\/revisions\/10707"}],"wp:featuredmedia":[{"embeddable":true,"href":"http:\/\/sanignacioconcepcion.cl\/sitio\/wp-json\/wp\/v2\/media\/10702"}],"wp:attachment":[{"href":"http:\/\/sanignacioconcepcion.cl\/sitio\/wp-json\/wp\/v2\/media?parent=10701"}],"wp:term":[{"taxonomy":"category","embeddable":true,"href":"http:\/\/sanignacioconcepcion.cl\/sitio\/wp-json\/wp\/v2\/categories?post=10701"},{"taxonomy":"post_tag","embeddable":true,"href":"http:\/\/sanignacioconcepcion.cl\/sitio\/wp-json\/wp\/v2\/tags?post=10701"}],"curies":[{"name":"wp","href":"https:\/\/api.w.org\/{rel}","templated":true}]}}