{"id":10704,"date":"2025-11-10T14:51:49","date_gmt":"2025-11-10T17:51:49","guid":{"rendered":"https:\/\/sanignacioconcepcion.cl\/sitio\/?p=10704"},"modified":"2025-11-10T14:54:00","modified_gmt":"2025-11-10T17:54:00","slug":"inicio-del-mes-de-maria-en-nuestra-comunidad-escolar","status":"publish","type":"post","link":"http:\/\/sanignacioconcepcion.cl\/sitio\/inicio-del-mes-de-maria-en-nuestra-comunidad-escolar\/","title":{"rendered":"Inicio del Mes de Mar\u00eda en nuestra comunidad escolar"},"content":{"rendered":"<p data-start=\"170\" data-end=\"553\">Este lunes 10 de noviembre dimos inicio al Mes de Mar\u00eda, tiempo especial de oraci\u00f3n, encuentro y gratitud en torno a la figura de la Virgen. La jornada comenz\u00f3 con una Eucarist\u00eda que reuni\u00f3 a estudiantes de 4\u00b0 B\u00e1sico, junto a los Delegados de Pastoral desde 1\u00b0 B\u00e1sico hasta III Medio y representantes de los Centros de Alumnos de los ciclos Manresa y Roma (CASI).<\/p>\n<p data-start=\"555\" data-end=\"900\">El Mes de Mar\u00eda es una tradici\u00f3n significativa para nuestra comunidad, donde recordamos el ejemplo de Mar\u00eda como mujer de fe, servicio y escucha profunda de Dios. Durante estas semanas, invitamos a estudiantes y educadores a unirse en actitud de oraci\u00f3n y recogimiento.<\/p>\n<h3 data-start=\"902\" data-end=\"950\">Calendario de Eucarist\u00edas \u2013 Mes de Mar\u00eda<\/h3>\n<div class=\"_tableContainer_1rjym_1\">\n<div class=\"group _tableWrapper_1rjym_13 flex w-fit flex-col-reverse\" tabindex=\"-1\">\n<table class=\"w-fit min-w-(--thread-content-width)\" data-start=\"952\" data-end=\"1565\">\n<thead data-start=\"952\" data-end=\"1003\">\n<tr data-start=\"952\" data-end=\"1003\">\n<th data-start=\"952\" data-end=\"964\" data-col-size=\"sm\">Fecha<\/th>\n<th data-start=\"964\" data-end=\"978\" data-col-size=\"sm\">Horario<\/th>\n<th data-start=\"978\" data-end=\"1003\" data-col-size=\"sm\">Cursos convocados<\/th>\n<\/tr>\n<\/thead>\n<tbody data-start=\"1053\" data-end=\"1565\">\n<tr data-start=\"1053\" data-end=\"1124\">\n<td data-start=\"1053\" data-end=\"1083\" data-col-size=\"sm\">Viernes 14 de noviembre<\/td>\n<td data-col-size=\"sm\" data-start=\"1083\" data-end=\"1097\">8:00 a 8:30<\/td>\n<td data-col-size=\"sm\" data-start=\"1097\" data-end=\"1124\">Pre K\u00ednder \u2013 K\u00ednder<\/td>\n<\/tr>\n<tr data-start=\"1125\" data-end=\"1196\">\n<td data-start=\"1125\" data-end=\"1153\" data-col-size=\"sm\">Lunes 17 de noviembre<\/td>\n<td data-col-size=\"sm\" data-start=\"1153\" data-end=\"1167\">8:00 a 8:30<\/td>\n<td data-col-size=\"sm\" data-start=\"1167\" data-end=\"1196\">3\u00b0 B\u00e1sico \u2013 III Medio<\/td>\n<\/tr>\n<tr data-start=\"1197\" data-end=\"1270\">\n<td data-start=\"1197\" data-end=\"1227\" data-col-size=\"sm\">Viernes 21 de noviembre<\/td>\n<td data-col-size=\"sm\" data-start=\"1227\" data-end=\"1241\">8:00 a 8:30<\/td>\n<td data-col-size=\"sm\" data-start=\"1241\" data-end=\"1270\">2\u00b0 B\u00e1sico \u2013 7\u00b0 B\u00e1sico<\/td>\n<\/tr>\n<tr data-start=\"1271\" data-end=\"1342\">\n<td data-start=\"1271\" data-end=\"1299\" data-col-size=\"sm\">Lunes 24 de noviembre<\/td>\n<td data-col-size=\"sm\" data-start=\"1299\" data-end=\"1313\">8:00 a 8:30<\/td>\n<td data-col-size=\"sm\" data-start=\"1313\" data-end=\"1342\">1\u00b0 B\u00e1sico \u2013 8\u00b0 B\u00e1sico<\/td>\n<\/tr>\n<tr data-start=\"1343\" data-end=\"1414\">\n<td data-start=\"1343\" data-end=\"1373\" data-col-size=\"sm\">Viernes 28 de noviembre<\/td>\n<td data-col-size=\"sm\" data-start=\"1373\" data-end=\"1387\">8:00 a 8:30<\/td>\n<td data-col-size=\"sm\" data-start=\"1387\" data-end=\"1414\">5\u00b0 B\u00e1sico \u2013 I Medio<\/td>\n<\/tr>\n<tr data-start=\"1415\" data-end=\"1484\">\n<td data-start=\"1415\" data-end=\"1442\" data-col-size=\"sm\">Lunes 1 de diciembre<\/td>\n<td data-col-size=\"sm\" data-start=\"1442\" data-end=\"1456\">8:00 a 8:30<\/td>\n<td data-col-size=\"sm\" data-start=\"1456\" data-end=\"1484\">6\u00b0 B\u00e1sico \u2013 II Medio<\/td>\n<\/tr>\n<tr data-start=\"1485\" data-end=\"1565\">\n<td data-start=\"1485\" data-end=\"1514\" data-col-size=\"sm\">Viernes 5 de diciembre<\/td>\n<td data-col-size=\"sm\" data-start=\"1514\" data-end=\"1528\">8:00 a 8:30<\/td>\n<td data-col-size=\"sm\" data-start=\"1528\" data-end=\"1565\">4\u00b0 B\u00e1sico A-B-C \u2013 8\u00b0 B\u00e1sico C<\/td>\n<\/tr>\n<\/tbody>\n<\/table>\n<\/div>\n<\/div>\n<p data-start=\"1567\" data-end=\"1709\">Invitamos a toda nuestra comunidad a participar activamente en este tiempo, disponiendo el coraz\u00f3n para celebrar juntos la fe que nos une. <a href=\"https:\/\/photos.app.goo.gl\/gQRvHBD44zGWV3fv6\"><span style=\"color: #800000;\"><strong>Ver fotos<\/strong><\/span><\/a><\/p>\n","protected":false},"excerpt":{"rendered":"<p>Este lunes 10 de noviembre dimos inicio al Mes de Mar\u00eda, tiempo especial de oraci\u00f3n, encuentro y gratitud en torno a la figura de la Virgen. La jornada comenz\u00f3 con una Eucarist\u00eda que reuni\u00f3 a estudiantes de 4\u00b0 B\u00e1sico, junto a los Delegados de Pastoral desde 1\u00b0 B\u00e1sico hasta III Medio y representantes de los&hellip;<\/p>\n","protected":false},"author":1,"featured_media":10705,"comment_status":"closed","ping_status":"closed","sticky":false,"template":"","format":"standard","meta":[],"categories":[4],"tags":[],"_links":{"self":[{"href":"http:\/\/sanignacioconcepcion.cl\/sitio\/wp-json\/wp\/v2\/posts\/10704"}],"collection":[{"href":"http:\/\/sanignacioconcepcion.cl\/sitio\/wp-json\/wp\/v2\/posts"}],"about":[{"href":"http:\/\/sanignacioconcepcion.cl\/sitio\/wp-json\/wp\/v2\/types\/post"}],"author":[{"embeddable":true,"href":"http:\/\/sanignacioconcepcion.cl\/sitio\/wp-json\/wp\/v2\/users\/1"}],"replies":[{"embeddable":true,"href":"http:\/\/sanignacioconcepcion.cl\/sitio\/wp-json\/wp\/v2\/comments?post=10704"}],"version-history":[{"count":2,"href":"http:\/\/sanignacioconcepcion.cl\/sitio\/wp-json\/wp\/v2\/posts\/10704\/revisions"}],"predecessor-version":[{"id":10708,"href":"http:\/\/sanignacioconcepcion.cl\/sitio\/wp-json\/wp\/v2\/posts\/10704\/revisions\/10708"}],"wp:featuredmedia":[{"embeddable":true,"href":"http:\/\/sanignacioconcepcion.cl\/sitio\/wp-json\/wp\/v2\/media\/10705"}],"wp:attachment":[{"href":"http:\/\/sanignacioconcepcion.cl\/sitio\/wp-json\/wp\/v2\/media?parent=10704"}],"wp:term":[{"taxonomy":"category","embeddable":true,"href":"http:\/\/sanignacioconcepcion.cl\/sitio\/wp-json\/wp\/v2\/categories?post=10704"},{"taxonomy":"post_tag","embeddable":true,"href":"http:\/\/sanignacioconcepcion.cl\/sitio\/wp-json\/wp\/v2\/tags?post=10704"}],"curies":[{"name":"wp","href":"https:\/\/api.w.org\/{rel}","templated":true}]}}