{"id":10709,"date":"2025-11-10T15:13:27","date_gmt":"2025-11-10T18:13:27","guid":{"rendered":"https:\/\/sanignacioconcepcion.cl\/sitio\/?p=10709"},"modified":"2025-11-10T15:14:52","modified_gmt":"2025-11-10T18:14:52","slug":"despedida-de-pasillo-generacion-2025-recorre-por-ultima-vez-los-espacios-que-acompanaron-su-historia","status":"publish","type":"post","link":"http:\/\/sanignacioconcepcion.cl\/sitio\/despedida-de-pasillo-generacion-2025-recorre-por-ultima-vez-los-espacios-que-acompanaron-su-historia\/","title":{"rendered":"Despedida de Pasillo: Generaci\u00f3n 2025 recorre por \u00faltima vez los espacios que acompa\u00f1aron su historia"},"content":{"rendered":"<p data-start=\"251\" data-end=\"569\">Este lunes, nuestra comunidad educativa vivi\u00f3 uno de los momentos m\u00e1s significativos y emotivos del a\u00f1o: la tradicional Despedida de Pasillo de la Generaci\u00f3n 2025. Una instancia que marca el cierre de una etapa de m\u00e1s de 14 a\u00f1os de vida escolar, y el comienzo de nuevos caminos personales y vocacionales.<\/p>\n<p data-start=\"571\" data-end=\"1075\">La jornada inici\u00f3 en el patio de Preb\u00e1sica, lugar donde muchos y muchas de nuestros estudiantes comenzaron su recorrido en el Colegio. All\u00ed se realiz\u00f3 un acto conmemorativo, que incluy\u00f3 palabras de la direcci\u00f3n de ciclo, mensajes de despedida por parte de representantes de cada curso, n\u00fameros art\u00edsticos preparados por estudiantes de Pre K\u00ednder y K\u00ednder, reconocimientos especiales y la bendici\u00f3n de los l\u00e1pices para acompa\u00f1ar la preparaci\u00f3n de la PAES.<\/p>\n<p data-start=\"1077\" data-end=\"1460\">Posteriormente, los estudiantes de IV\u00b0 Medio iniciaron el recorrido por los pasillos del colegio, donde fueron recibidos con aplausos, abrazos, gestos de cari\u00f1o y emoci\u00f3n por parte de estudiantes y educadores de todos los ciclos.<\/p>\n<p data-start=\"1462\" data-end=\"1699\">La Despedida de Pasillo es un gesto profundamente ligado a nuestra identidad:<br data-start=\"1539\" data-end=\"1542\" \/>despedimos, agradecemos y enviamos a nuestros estudiantes, confiando en que lo vivido en esta casa ser\u00e1 parte del mapa de vida que seguir\u00e1n construyendo. <span style=\"color: #800000;\"><a style=\"color: #800000;\" href=\"https:\/\/photos.app.goo.gl\/zSpw8X4DCKhpDGET6\"><strong>Ver fotos<\/strong><\/a><\/span><\/p>\n","protected":false},"excerpt":{"rendered":"<p>Este lunes, nuestra comunidad educativa vivi\u00f3 uno de los momentos m\u00e1s significativos y emotivos del a\u00f1o: la tradicional Despedida de Pasillo de la Generaci\u00f3n 2025. Una instancia que marca el cierre de una etapa de m\u00e1s de 14 a\u00f1os de vida escolar, y el comienzo de nuevos caminos personales y vocacionales. La jornada inici\u00f3 en&hellip;<\/p>\n","protected":false},"author":1,"featured_media":10711,"comment_status":"closed","ping_status":"closed","sticky":false,"template":"","format":"standard","meta":[],"categories":[4],"tags":[],"_links":{"self":[{"href":"http:\/\/sanignacioconcepcion.cl\/sitio\/wp-json\/wp\/v2\/posts\/10709"}],"collection":[{"href":"http:\/\/sanignacioconcepcion.cl\/sitio\/wp-json\/wp\/v2\/posts"}],"about":[{"href":"http:\/\/sanignacioconcepcion.cl\/sitio\/wp-json\/wp\/v2\/types\/post"}],"author":[{"embeddable":true,"href":"http:\/\/sanignacioconcepcion.cl\/sitio\/wp-json\/wp\/v2\/users\/1"}],"replies":[{"embeddable":true,"href":"http:\/\/sanignacioconcepcion.cl\/sitio\/wp-json\/wp\/v2\/comments?post=10709"}],"version-history":[{"count":2,"href":"http:\/\/sanignacioconcepcion.cl\/sitio\/wp-json\/wp\/v2\/posts\/10709\/revisions"}],"predecessor-version":[{"id":10713,"href":"http:\/\/sanignacioconcepcion.cl\/sitio\/wp-json\/wp\/v2\/posts\/10709\/revisions\/10713"}],"wp:featuredmedia":[{"embeddable":true,"href":"http:\/\/sanignacioconcepcion.cl\/sitio\/wp-json\/wp\/v2\/media\/10711"}],"wp:attachment":[{"href":"http:\/\/sanignacioconcepcion.cl\/sitio\/wp-json\/wp\/v2\/media?parent=10709"}],"wp:term":[{"taxonomy":"category","embeddable":true,"href":"http:\/\/sanignacioconcepcion.cl\/sitio\/wp-json\/wp\/v2\/categories?post=10709"},{"taxonomy":"post_tag","embeddable":true,"href":"http:\/\/sanignacioconcepcion.cl\/sitio\/wp-json\/wp\/v2\/tags?post=10709"}],"curies":[{"name":"wp","href":"https:\/\/api.w.org\/{rel}","templated":true}]}}