{"id":10714,"date":"2025-11-10T15:20:28","date_gmt":"2025-11-10T18:20:28","guid":{"rendered":"https:\/\/sanignacioconcepcion.cl\/sitio\/?p=10714"},"modified":"2025-11-12T15:24:38","modified_gmt":"2025-11-12T18:24:38","slug":"equipo-de-basquetbol-u13-se-corona-campeon-en-torneo-rei","status":"publish","type":"post","link":"http:\/\/sanignacioconcepcion.cl\/sitio\/equipo-de-basquetbol-u13-se-corona-campeon-en-torneo-rei\/","title":{"rendered":"Equipo de B\u00e1squetbol U13 se corona campe\u00f3n en Torneo REI"},"content":{"rendered":"<p data-start=\"232\" data-end=\"675\">Entre el 6 y el 8 de noviembre, nuestro equipo U13 de b\u00e1squetbol particip\u00f3 en el Campeonato Nacional Jesuita Copa Pasarela, realizado en el Colegio San Mateo de Osorno.<\/p>\n<p data-start=\"232\" data-end=\"675\">En esta edici\u00f3n del torneo participaron colegios de la Red Educacional Ignaciana (REI), entre ellos San Mateo (damas y varones), San Ignacio Alonso Ovalle, adem\u00e1s de invitados como el Colegio Alem\u00e1n de Osorno y el Colegio Franc\u00e9s de Osorno.<\/p>\n<p data-start=\"677\" data-end=\"1096\">Nuestro colegio mantiene el compromiso de estar presente en los campeonatos Jesuitas, fortaleciendo la formaci\u00f3n integral a trav\u00e9s del deporte y la sana competencia.<\/p>\n<p data-start=\"677\" data-end=\"1096\">El entrenador del equipo, Gonzalo Noriega se\u00f1al\u00f3 que \u201cfue muy bonito obtener el primer lugar, algo in\u00e9dito para nosotros en estos campeonatos, lo cual me llena de orgullo por los alumnos, ya que se han esforzado mucho con el trabajo que hemos hecho con el profesor Nicol\u00e1s.\u201d<\/p>\n<p data-start=\"677\" data-end=\"1096\">El torneo tuvo un cierre especialmente significativo para nuestro colegio: nuestro equipo obtuvo el primer lugar, marcando un hito en nuestra participaci\u00f3n en los encuentros deportivos de la Red Educacional Ignaciana.<\/p>\n<p data-start=\"1413\" data-end=\"1654\">Adem\u00e1s, el estudiante Crist\u00f3bal Molina fue reconocido por sus compa\u00f1eros con el premio al Mejor Compa\u00f1ero del equipo, reflejando el esp\u00edritu ignaciano de compa\u00f1erismo, esfuerzo y amistad que caracteriza a nuestra comunidad deportiva.<\/p>\n","protected":false},"excerpt":{"rendered":"<p>Entre el 6 y el 8 de noviembre, nuestro equipo U13 de b\u00e1squetbol particip\u00f3 en el Campeonato Nacional Jesuita Copa Pasarela, realizado en el Colegio San Mateo de Osorno. En esta edici\u00f3n del torneo participaron colegios de la Red Educacional Ignaciana (REI), entre ellos San Mateo (damas y varones), San Ignacio Alonso Ovalle, adem\u00e1s de&hellip;<\/p>\n","protected":false},"author":1,"featured_media":10715,"comment_status":"closed","ping_status":"closed","sticky":false,"template":"","format":"standard","meta":[],"categories":[4],"tags":[],"_links":{"self":[{"href":"http:\/\/sanignacioconcepcion.cl\/sitio\/wp-json\/wp\/v2\/posts\/10714"}],"collection":[{"href":"http:\/\/sanignacioconcepcion.cl\/sitio\/wp-json\/wp\/v2\/posts"}],"about":[{"href":"http:\/\/sanignacioconcepcion.cl\/sitio\/wp-json\/wp\/v2\/types\/post"}],"author":[{"embeddable":true,"href":"http:\/\/sanignacioconcepcion.cl\/sitio\/wp-json\/wp\/v2\/users\/1"}],"replies":[{"embeddable":true,"href":"http:\/\/sanignacioconcepcion.cl\/sitio\/wp-json\/wp\/v2\/comments?post=10714"}],"version-history":[{"count":3,"href":"http:\/\/sanignacioconcepcion.cl\/sitio\/wp-json\/wp\/v2\/posts\/10714\/revisions"}],"predecessor-version":[{"id":10718,"href":"http:\/\/sanignacioconcepcion.cl\/sitio\/wp-json\/wp\/v2\/posts\/10714\/revisions\/10718"}],"wp:featuredmedia":[{"embeddable":true,"href":"http:\/\/sanignacioconcepcion.cl\/sitio\/wp-json\/wp\/v2\/media\/10715"}],"wp:attachment":[{"href":"http:\/\/sanignacioconcepcion.cl\/sitio\/wp-json\/wp\/v2\/media?parent=10714"}],"wp:term":[{"taxonomy":"category","embeddable":true,"href":"http:\/\/sanignacioconcepcion.cl\/sitio\/wp-json\/wp\/v2\/categories?post=10714"},{"taxonomy":"post_tag","embeddable":true,"href":"http:\/\/sanignacioconcepcion.cl\/sitio\/wp-json\/wp\/v2\/tags?post=10714"}],"curies":[{"name":"wp","href":"https:\/\/api.w.org\/{rel}","templated":true}]}}