{"id":10722,"date":"2025-11-13T09:34:16","date_gmt":"2025-11-13T12:34:16","guid":{"rendered":"https:\/\/sanignacioconcepcion.cl\/sitio\/?p=10722"},"modified":"2025-11-13T09:34:16","modified_gmt":"2025-11-13T12:34:16","slug":"inicio-del-periodo-complementario-de-postulacion-de-admision-escolar-2026","status":"publish","type":"post","link":"http:\/\/sanignacioconcepcion.cl\/sitio\/inicio-del-periodo-complementario-de-postulacion-de-admision-escolar-2026\/","title":{"rendered":"Inicio del Periodo Complementario de postulaci\u00f3n de Admisi\u00f3n Escolar 2026"},"content":{"rendered":"<p>Les informamos que hoy comenz\u00f3 el\u00a0<strong>Periodo Complementario de postulaci\u00f3n de Admisi\u00f3n Escolar<\/strong>\u00a0para el a\u00f1o escolar 2026. Es importante se\u00f1alar que el proceso estar\u00e1 disponible hasta el\u00a0<strong>mi\u00e9rcoles 19 de noviembre a las 14:00 horas. Por ello, queremos reforzar que lo m\u00e1s importante no es postular primero, sino postular informado.<\/strong><\/p>\n<p>Agradecemos desde ya su compromiso con la implementaci\u00f3n de Admisi\u00f3n Escolar y con este nuevo periodo de postulaci\u00f3n, siempre con el objetivo de que las familias cuenten con informaci\u00f3n clara y oportuna al momento de postular.<\/p>\n<p>A continuaci\u00f3n, les entregamos un resumen con las\u00a0<strong>fechas m\u00e1s relevantes del proceso de Admisi\u00f3n Escolar 2026,<\/strong>\u00a0para su conocimiento y apoyo en la gesti\u00f3n con las familias:<\/p>\n<p>&nbsp;<\/p>\n<ul>\n<li><strong>12 al 19 de noviembre:<\/strong>\u00a0Periodo complementario de postulaci\u00f3n a trav\u00e9s de\u00a0<a href=\"https:\/\/ida.itdchile.cl\/linkresolver.html?url=aHR0cDovL3d3dy5zaXN0ZW1hZGVhZG1pc2lvbmVzY29sYXIuY2w=&amp;uuid=e91e1015-67a9-4c8c-a8e9-6bdb23c1fcee\" target=\"_blank\" rel=\"noopener\" data-saferedirecturl=\"https:\/\/www.google.com\/url?q=https:\/\/ida.itdchile.cl\/linkresolver.html?url%3DaHR0cDovL3d3dy5zaXN0ZW1hZGVhZG1pc2lvbmVzY29sYXIuY2w%3D%26uuid%3De91e1015-67a9-4c8c-a8e9-6bdb23c1fcee&amp;source=gmail&amp;ust=1763121758718000&amp;usg=AOvVaw0Cfyxjo0LgkNrPVtlb2ZhH\">www.sistemadeadmisionescolar.<wbr \/>cl<\/a><\/li>\n<li><strong>2 de diciembre:<\/strong>\u00a0Publicaci\u00f3n de los resultados del periodo complementario de postulaci\u00f3n a trav\u00e9s de\u00a0<a href=\"https:\/\/ida.itdchile.cl\/linkresolver.html?url=aHR0cDovL3d3dy5zaXN0ZW1hZGVhZG1pc2lvbmVzY29sYXIuY2w=&amp;uuid=e91e1015-67a9-4c8c-a8e9-6bdb23c1fcee\" target=\"_blank\" rel=\"noopener\" data-saferedirecturl=\"https:\/\/www.google.com\/url?q=https:\/\/ida.itdchile.cl\/linkresolver.html?url%3DaHR0cDovL3d3dy5zaXN0ZW1hZGVhZG1pc2lvbmVzY29sYXIuY2w%3D%26uuid%3De91e1015-67a9-4c8c-a8e9-6bdb23c1fcee&amp;source=gmail&amp;ust=1763121758718000&amp;usg=AOvVaw0Cfyxjo0LgkNrPVtlb2ZhH\">www.sistemadeadmisionescolar.<wbr \/>cl<\/a><\/li>\n<li><strong>Desde el 9 al 23 de diciembre (hasta el 30 de diciembre en las regiones de Ays\u00e9n y Magallanes):<\/strong>\u00a0Periodo de matr\u00edcula de estudiantes con continuidad y estudiantes nuevos asignados por Admisi\u00f3n Escolar 2026.<\/li>\n<\/ul>\n<p>Ante cualquier inquietud, no dude en contactar a su coordinador\/a regional de Admisi\u00f3n Escolar.<\/p>\n<p>&nbsp;<\/p>\n<p><img loading=\"lazy\" class=\"alignnone size-full wp-image-10723\" src=\"http:\/\/sanignacioconcepcion.cl\/sitio\/wp-content\/uploads\/2025\/11\/unnamed.jpg\" alt=\"\" width=\"1080\" height=\"1371\" srcset=\"http:\/\/sanignacioconcepcion.cl\/sitio\/wp-content\/uploads\/2025\/11\/unnamed.jpg 1080w, http:\/\/sanignacioconcepcion.cl\/sitio\/wp-content\/uploads\/2025\/11\/unnamed-807x1024.jpg 807w, http:\/\/sanignacioconcepcion.cl\/sitio\/wp-content\/uploads\/2025\/11\/unnamed-768x975.jpg 768w, http:\/\/sanignacioconcepcion.cl\/sitio\/wp-content\/uploads\/2025\/11\/unnamed-600x762.jpg 600w\" sizes=\"(max-width: 1080px) 100vw, 1080px\" \/><\/p>\n<p>&nbsp;<\/p>\n","protected":false},"excerpt":{"rendered":"<p>Les informamos que hoy comenz\u00f3 el\u00a0Periodo Complementario de postulaci\u00f3n de Admisi\u00f3n Escolar\u00a0para el a\u00f1o escolar 2026. Es importante se\u00f1alar que el proceso estar\u00e1 disponible hasta el\u00a0mi\u00e9rcoles 19 de noviembre a las 14:00 horas. Por ello, queremos reforzar que lo m\u00e1s importante no es postular primero, sino postular informado. Agradecemos desde ya su compromiso con la&hellip;<\/p>\n","protected":false},"author":1,"featured_media":0,"comment_status":"closed","ping_status":"closed","sticky":false,"template":"","format":"standard","meta":[],"categories":[3],"tags":[],"_links":{"self":[{"href":"http:\/\/sanignacioconcepcion.cl\/sitio\/wp-json\/wp\/v2\/posts\/10722"}],"collection":[{"href":"http:\/\/sanignacioconcepcion.cl\/sitio\/wp-json\/wp\/v2\/posts"}],"about":[{"href":"http:\/\/sanignacioconcepcion.cl\/sitio\/wp-json\/wp\/v2\/types\/post"}],"author":[{"embeddable":true,"href":"http:\/\/sanignacioconcepcion.cl\/sitio\/wp-json\/wp\/v2\/users\/1"}],"replies":[{"embeddable":true,"href":"http:\/\/sanignacioconcepcion.cl\/sitio\/wp-json\/wp\/v2\/comments?post=10722"}],"version-history":[{"count":1,"href":"http:\/\/sanignacioconcepcion.cl\/sitio\/wp-json\/wp\/v2\/posts\/10722\/revisions"}],"predecessor-version":[{"id":10724,"href":"http:\/\/sanignacioconcepcion.cl\/sitio\/wp-json\/wp\/v2\/posts\/10722\/revisions\/10724"}],"wp:attachment":[{"href":"http:\/\/sanignacioconcepcion.cl\/sitio\/wp-json\/wp\/v2\/media?parent=10722"}],"wp:term":[{"taxonomy":"category","embeddable":true,"href":"http:\/\/sanignacioconcepcion.cl\/sitio\/wp-json\/wp\/v2\/categories?post=10722"},{"taxonomy":"post_tag","embeddable":true,"href":"http:\/\/sanignacioconcepcion.cl\/sitio\/wp-json\/wp\/v2\/tags?post=10722"}],"curies":[{"name":"wp","href":"https:\/\/api.w.org\/{rel}","templated":true}]}}