{"id":10729,"date":"2025-11-13T13:22:37","date_gmt":"2025-11-13T16:22:37","guid":{"rendered":"https:\/\/sanignacioconcepcion.cl\/sitio\/?p=10729"},"modified":"2025-11-13T13:22:37","modified_gmt":"2025-11-13T16:22:37","slug":"misa-de-accion-de-gracias-para-la-generacion-2025-de-cuartos-medios","status":"publish","type":"post","link":"http:\/\/sanignacioconcepcion.cl\/sitio\/misa-de-accion-de-gracias-para-la-generacion-2025-de-cuartos-medios\/","title":{"rendered":"Misa de Acci\u00f3n de Gracias para la Generaci\u00f3n 2025 de Cuartos Medios"},"content":{"rendered":"<p>El mi\u00e9rcoles 12 de noviembre, la comunidad educativa del Colegio San Ignacio de Concepci\u00f3n se reuni\u00f3 para celebrar la Misa de Acci\u00f3n de Gracias de los Cuartos Medios, un hito profundamente significativo dentro del camino formativo de nuestros estudiantes.<\/p>\n<p>La jornada comenz\u00f3 con la presentaci\u00f3n de los polerones de curso, signo de identidad y pertenencia, ofrecido ante el altar por los estudiantes Crist\u00f3bal Cifuentes (4A), Antonia Olivera (4B) y Amanda Alarc\u00f3n (4C). Este gesto dio paso a la bienvenida de la Directora de Pastoral y Formaci\u00f3n, Pamela Beltr\u00e1n, quien invit\u00f3 a los presentes a vivir la celebraci\u00f3n como un momento de gratitud por todo lo aprendido y compartido a lo largo de estos 14 a\u00f1os de formaci\u00f3n ignaciana.<\/p>\n<p>La liturgia cont\u00f3 con la participaci\u00f3n activa de estudiantes en las lecturas, el salmo, la oraci\u00f3n de los fieles y la presentaci\u00f3n de ofrendas. En este \u00faltimo momento, la directora del colegio, Claudia Messina, present\u00f3 el Libro Rojo, s\u00edmbolo hist\u00f3rico que resguarda los hitos de nuestra comunidad y donde cada estudiante deja testimonio de su paso por el colegio.<\/p>\n<p>Uno de los momentos m\u00e1s emotivos de la misa fue la firma del Libro Rojo, tradici\u00f3n que se realiza desde el a\u00f1o 2008 y que representa el compromiso, el crecimiento y la huella que cada estudiante deja en la historia del Colegio San Ignacio. Este rito, acompa\u00f1ado de m\u00fasica y un ambiente de profunda emoci\u00f3n, record\u00f3 a familias y educadores que la formaci\u00f3n ignaciana es un camino que se construye con comunidad, memoria y espiritualidad.<\/p>\n<p>Otro momento especial lo protagoniz\u00f3 el reconocimiento a las familias que dejan el colegio junto a sus hijos e hijas, un gesto de gratitud por los a\u00f1os de acompa\u00f1amiento y compromiso con nuestra comunidad educativa.<\/p>\n<p>La misa concluy\u00f3 con la bendici\u00f3n final y una oraci\u00f3n a la Virgen Mar\u00eda, en el marco de su mes. <span style=\"color: #800000;\"><a style=\"color: #800000;\" href=\"https:\/\/photos.app.goo.gl\/AJ4rGkStptRf7jHfA\"><strong>ver fotos<\/strong><\/a><\/span><\/p>\n<p>&nbsp;<\/p>\n","protected":false},"excerpt":{"rendered":"<p>El mi\u00e9rcoles 12 de noviembre, la comunidad educativa del Colegio San Ignacio de Concepci\u00f3n se reuni\u00f3 para celebrar la Misa de Acci\u00f3n de Gracias de los Cuartos Medios, un hito profundamente significativo dentro del camino formativo de nuestros estudiantes. La jornada comenz\u00f3 con la presentaci\u00f3n de los polerones de curso, signo de identidad y pertenencia,&hellip;<\/p>\n","protected":false},"author":1,"featured_media":10730,"comment_status":"closed","ping_status":"closed","sticky":false,"template":"","format":"standard","meta":[],"categories":[4],"tags":[],"_links":{"self":[{"href":"http:\/\/sanignacioconcepcion.cl\/sitio\/wp-json\/wp\/v2\/posts\/10729"}],"collection":[{"href":"http:\/\/sanignacioconcepcion.cl\/sitio\/wp-json\/wp\/v2\/posts"}],"about":[{"href":"http:\/\/sanignacioconcepcion.cl\/sitio\/wp-json\/wp\/v2\/types\/post"}],"author":[{"embeddable":true,"href":"http:\/\/sanignacioconcepcion.cl\/sitio\/wp-json\/wp\/v2\/users\/1"}],"replies":[{"embeddable":true,"href":"http:\/\/sanignacioconcepcion.cl\/sitio\/wp-json\/wp\/v2\/comments?post=10729"}],"version-history":[{"count":1,"href":"http:\/\/sanignacioconcepcion.cl\/sitio\/wp-json\/wp\/v2\/posts\/10729\/revisions"}],"predecessor-version":[{"id":10731,"href":"http:\/\/sanignacioconcepcion.cl\/sitio\/wp-json\/wp\/v2\/posts\/10729\/revisions\/10731"}],"wp:featuredmedia":[{"embeddable":true,"href":"http:\/\/sanignacioconcepcion.cl\/sitio\/wp-json\/wp\/v2\/media\/10730"}],"wp:attachment":[{"href":"http:\/\/sanignacioconcepcion.cl\/sitio\/wp-json\/wp\/v2\/media?parent=10729"}],"wp:term":[{"taxonomy":"category","embeddable":true,"href":"http:\/\/sanignacioconcepcion.cl\/sitio\/wp-json\/wp\/v2\/categories?post=10729"},{"taxonomy":"post_tag","embeddable":true,"href":"http:\/\/sanignacioconcepcion.cl\/sitio\/wp-json\/wp\/v2\/tags?post=10729"}],"curies":[{"name":"wp","href":"https:\/\/api.w.org\/{rel}","templated":true}]}}