{"id":10732,"date":"2025-11-17T15:49:03","date_gmt":"2025-11-17T18:49:03","guid":{"rendered":"https:\/\/sanignacioconcepcion.cl\/sitio\/?p=10732"},"modified":"2025-11-17T15:49:03","modified_gmt":"2025-11-17T18:49:03","slug":"ceremonia-de-licenciatura-generacion-2025-un-emotivo-cierre-de-ciclo","status":"publish","type":"post","link":"http:\/\/sanignacioconcepcion.cl\/sitio\/ceremonia-de-licenciatura-generacion-2025-un-emotivo-cierre-de-ciclo\/","title":{"rendered":"Ceremonia de Licenciatura Generaci\u00f3n 2025: un emotivo cierre de ciclo"},"content":{"rendered":"<p data-start=\"141\" data-end=\"493\">El jueves 13 de noviembre, nuestra comunidad educativa celebr\u00f3 la Licenciatura de la Generaci\u00f3n 2025, una jornada marcada por la emoci\u00f3n, la gratitud y los signos que caracterizan la formaci\u00f3n ignaciana. En total, 123 estudiantes de IV\u00b0 Medio culminaron oficialmente su etapa escolar, acompa\u00f1ados por sus familias, educadores y autoridades del colegio.<\/p>\n<p data-start=\"495\" data-end=\"805\">La ceremonia estuvo marcada por varios momentos simb\u00f3licos, y el primero de ellos fue la bendici\u00f3n de los crucifijos. El capell\u00e1n, P. Juan Pablo Moyano SJ, gui\u00f3 la oraci\u00f3n y la entrega de este signo que acompa\u00f1a a todos los egresados de colegios jesuitas y que representa el sello de la formaci\u00f3n recibida.<\/p>\n<p data-start=\"807\" data-end=\"1213\">La directora del colegio, Claudia Messina \u00c1vila, dirigi\u00f3 un mensaje especial a la generaci\u00f3n, invit\u00e1ndolos a confiar en sus capacidades, a discernir con libertad el proyecto de vida que comienzan a construir y a mantener vivo el esp\u00edritu ignaciano que los ha formado desde la infancia. Sus palabras resonaron con fuerza entre las familias que acompa\u00f1aban a sus hijos e hijas en este hito tan significativo.<\/p>\n<p data-start=\"1215\" data-end=\"1542\">Uno de los momentos m\u00e1s emotivos de la jornada fue la entrega de licencias y crucifijos a los estudiantes de los cursos 4\u00b0 Medio A, B y C, quienes luego entregaron estos signos a sus madres, padres y apoderados como un gesto de gratitud por la compa\u00f1\u00eda y el apoyo incondicional recibido durante toda su trayectoria escolar.<\/p>\n<p data-start=\"1544\" data-end=\"2182\">La ceremonia tambi\u00e9n incluy\u00f3 la entrega de importantes distinciones que reflejan el esp\u00edritu integral de nuestra educaci\u00f3n. Se reconoci\u00f3 a los mejores deportistas, a estudiantes destacados en el \u00e1mbito art\u00edstico, a quienes alcanzaron la excelencia acad\u00e9mica y a quienes encarnan el perfil del estudiante ignaciano a trav\u00e9s de su compromiso, servicio y liderazgo. Asimismo, se entregaron los premios al Mejor Compa\u00f1ero, al esp\u00edritu de San Alberto Hurtado y el Premio San Ignacio de Loyola, la distinci\u00f3n m\u00e1s relevante del colegio, otorgada a un estudiante que refleja de manera ejemplar los valores ignacianos en todas sus dimensiones.<\/p>\n<p data-start=\"2184\" data-end=\"2644\">La m\u00fasica tambi\u00e9n estuvo presente gracias a un intermedio preparado por estudiantes de la misma generaci\u00f3n, quienes ofrecieron un momento lleno de emotividad y talento en su propia despedida. M\u00e1s tarde, los egresados realizaron el tradicional traspaso del estandarte y la bandera a los estudiantes de III\u00b0 Medio que asumir\u00e1n esta responsabilidad durante el 2026, simbolizando la continuidad de nuestras tradiciones y el compromiso de cada nueva generaci\u00f3n.<\/p>\n<p data-start=\"2646\" data-end=\"3004\">La ceremonia culmin\u00f3 con la Oraci\u00f3n de Env\u00edo, guiada por el capell\u00e1n y acompa\u00f1ada por estudiantes m\u00e1s peque\u00f1os como signo de unidad y comunidad. Finalmente, se enton\u00f3 el Himno del Colegio y los nuevos exalumnos y exalumnas hicieron su salida oficial, cerrando as\u00ed una etapa que los vio crecer, aprender y formar v\u00ednculos que los acompa\u00f1ar\u00e1n toda la vida. <span style=\"color: #800000;\"><a style=\"color: #800000;\" href=\"https:\/\/photos.app.goo.gl\/aaBZgjj6ESNhSdp79\"><strong>Ver fotos<\/strong><\/a><\/span><\/p>\n","protected":false},"excerpt":{"rendered":"<p>El jueves 13 de noviembre, nuestra comunidad educativa celebr\u00f3 la Licenciatura de la Generaci\u00f3n 2025, una jornada marcada por la emoci\u00f3n, la gratitud y los signos que caracterizan la formaci\u00f3n ignaciana. En total, 123 estudiantes de IV\u00b0 Medio culminaron oficialmente su etapa escolar, acompa\u00f1ados por sus familias, educadores y autoridades del colegio. La ceremonia estuvo&hellip;<\/p>\n","protected":false},"author":1,"featured_media":10733,"comment_status":"closed","ping_status":"closed","sticky":false,"template":"","format":"standard","meta":[],"categories":[4],"tags":[],"_links":{"self":[{"href":"http:\/\/sanignacioconcepcion.cl\/sitio\/wp-json\/wp\/v2\/posts\/10732"}],"collection":[{"href":"http:\/\/sanignacioconcepcion.cl\/sitio\/wp-json\/wp\/v2\/posts"}],"about":[{"href":"http:\/\/sanignacioconcepcion.cl\/sitio\/wp-json\/wp\/v2\/types\/post"}],"author":[{"embeddable":true,"href":"http:\/\/sanignacioconcepcion.cl\/sitio\/wp-json\/wp\/v2\/users\/1"}],"replies":[{"embeddable":true,"href":"http:\/\/sanignacioconcepcion.cl\/sitio\/wp-json\/wp\/v2\/comments?post=10732"}],"version-history":[{"count":1,"href":"http:\/\/sanignacioconcepcion.cl\/sitio\/wp-json\/wp\/v2\/posts\/10732\/revisions"}],"predecessor-version":[{"id":10734,"href":"http:\/\/sanignacioconcepcion.cl\/sitio\/wp-json\/wp\/v2\/posts\/10732\/revisions\/10734"}],"wp:featuredmedia":[{"embeddable":true,"href":"http:\/\/sanignacioconcepcion.cl\/sitio\/wp-json\/wp\/v2\/media\/10733"}],"wp:attachment":[{"href":"http:\/\/sanignacioconcepcion.cl\/sitio\/wp-json\/wp\/v2\/media?parent=10732"}],"wp:term":[{"taxonomy":"category","embeddable":true,"href":"http:\/\/sanignacioconcepcion.cl\/sitio\/wp-json\/wp\/v2\/categories?post=10732"},{"taxonomy":"post_tag","embeddable":true,"href":"http:\/\/sanignacioconcepcion.cl\/sitio\/wp-json\/wp\/v2\/tags?post=10732"}],"curies":[{"name":"wp","href":"https:\/\/api.w.org\/{rel}","templated":true}]}}