{"id":10738,"date":"2025-11-18T10:02:44","date_gmt":"2025-11-18T13:02:44","guid":{"rendered":"https:\/\/sanignacioconcepcion.cl\/sitio\/?p=10738"},"modified":"2025-11-18T10:08:29","modified_gmt":"2025-11-18T13:08:29","slug":"colegio-san-ignacio-presente-en-la-premiacion-anual-adicpa-2025","status":"publish","type":"post","link":"http:\/\/sanignacioconcepcion.cl\/sitio\/colegio-san-ignacio-presente-en-la-premiacion-anual-adicpa-2025\/","title":{"rendered":"Colegio San Ignacio presente en la Premiaci\u00f3n Anual ADICPA 2025"},"content":{"rendered":"<p data-start=\"175\" data-end=\"449\">El lunes 17 de noviembre se realiz\u00f3 la Ceremonia de Premiaci\u00f3n Anual de la Asociaci\u00f3n Deportiva Cultural Integrada de Colegios Particulares del Biob\u00edo (ADICPA), una instancia que reuni\u00f3 a diversos colegios de la Regi\u00f3n del Biob\u00edo para reconocer el esfuerzo, talento y compromiso de sus estudiantes en las \u00e1reas deportiva, art\u00edstica y cultural.<\/p>\n<p data-start=\"451\" data-end=\"739\">ADICPA,\u00a0 agrupa a colegios de la regi\u00f3n con el prop\u00f3sito de promover la competencia sana, el desarrollo integral y la convivencia entre los alumnos a trav\u00e9s de actividades deportivas, art\u00edsticas y culturales.<\/p>\n<p data-start=\"741\" data-end=\"887\">En esta edici\u00f3n fueron premiados estudiantes de m\u00faltiples establecimientos pertenecientes a la asociaci\u00f3n, destacando su desempe\u00f1o durante el a\u00f1o:<\/p>\n<h4 data-start=\"984\" data-end=\"1009\">\u00c1rea Deportiva<\/h4>\n<p data-start=\"1010\" data-end=\"1222\">Maximiliano \u00c1lvarez Bahamondes, egresado de IV Medio, recibi\u00f3 un reconocimiento por su sobresaliente desempe\u00f1o y compromiso deportivo, representando con dedicaci\u00f3n y esp\u00edritu ignaciano al Colegio San Ignacio.<\/p>\n<h4 data-start=\"1224\" data-end=\"1248\">\u00c1rea Cultural<\/h4>\n<p data-start=\"1249\" data-end=\"1449\">Laura Parra Lindemann, estudiante de 5\u00b0B, fue distinguida por su talento y participaci\u00f3n destacada en el \u00e1mbito cultural, reflejando creatividad y entusiasmo en cada una de sus presentaciones.<\/p>\n<p data-start=\"1451\" data-end=\"1610\">Felicitamos a nuestros estudiantes por estos importantes logros, que reflejan su esfuerzo, disciplina y pasi\u00f3n, as\u00ed como el apoyo de sus familias y educadores. <span style=\"color: #800000;\"><a style=\"color: #800000;\" href=\"https:\/\/photos.app.goo.gl\/mbPAWx9vYhfiaza37\"><strong>Ver fotos<\/strong><\/a><\/span><\/p>\n","protected":false},"excerpt":{"rendered":"<p>El lunes 17 de noviembre se realiz\u00f3 la Ceremonia de Premiaci\u00f3n Anual de la Asociaci\u00f3n Deportiva Cultural Integrada de Colegios Particulares del Biob\u00edo (ADICPA), una instancia que reuni\u00f3 a diversos colegios de la Regi\u00f3n del Biob\u00edo para reconocer el esfuerzo, talento y compromiso de sus estudiantes en las \u00e1reas deportiva, art\u00edstica y cultural. ADICPA,\u00a0 agrupa&hellip;<\/p>\n","protected":false},"author":1,"featured_media":10739,"comment_status":"closed","ping_status":"closed","sticky":false,"template":"","format":"standard","meta":[],"categories":[4],"tags":[],"_links":{"self":[{"href":"http:\/\/sanignacioconcepcion.cl\/sitio\/wp-json\/wp\/v2\/posts\/10738"}],"collection":[{"href":"http:\/\/sanignacioconcepcion.cl\/sitio\/wp-json\/wp\/v2\/posts"}],"about":[{"href":"http:\/\/sanignacioconcepcion.cl\/sitio\/wp-json\/wp\/v2\/types\/post"}],"author":[{"embeddable":true,"href":"http:\/\/sanignacioconcepcion.cl\/sitio\/wp-json\/wp\/v2\/users\/1"}],"replies":[{"embeddable":true,"href":"http:\/\/sanignacioconcepcion.cl\/sitio\/wp-json\/wp\/v2\/comments?post=10738"}],"version-history":[{"count":3,"href":"http:\/\/sanignacioconcepcion.cl\/sitio\/wp-json\/wp\/v2\/posts\/10738\/revisions"}],"predecessor-version":[{"id":10742,"href":"http:\/\/sanignacioconcepcion.cl\/sitio\/wp-json\/wp\/v2\/posts\/10738\/revisions\/10742"}],"wp:featuredmedia":[{"embeddable":true,"href":"http:\/\/sanignacioconcepcion.cl\/sitio\/wp-json\/wp\/v2\/media\/10739"}],"wp:attachment":[{"href":"http:\/\/sanignacioconcepcion.cl\/sitio\/wp-json\/wp\/v2\/media?parent=10738"}],"wp:term":[{"taxonomy":"category","embeddable":true,"href":"http:\/\/sanignacioconcepcion.cl\/sitio\/wp-json\/wp\/v2\/categories?post=10738"},{"taxonomy":"post_tag","embeddable":true,"href":"http:\/\/sanignacioconcepcion.cl\/sitio\/wp-json\/wp\/v2\/tags?post=10738"}],"curies":[{"name":"wp","href":"https:\/\/api.w.org\/{rel}","templated":true}]}}