{"id":10744,"date":"2025-11-19T10:37:05","date_gmt":"2025-11-19T13:37:05","guid":{"rendered":"https:\/\/sanignacioconcepcion.cl\/sitio\/?p=10744"},"modified":"2025-11-19T10:37:05","modified_gmt":"2025-11-19T13:37:05","slug":"salida-pedagogica-explorando-problemas-espaciales-en-el-humedal-los-batros","status":"publish","type":"post","link":"http:\/\/sanignacioconcepcion.cl\/sitio\/salida-pedagogica-explorando-problemas-espaciales-en-el-humedal-los-batros\/","title":{"rendered":"Salida pedag\u00f3gica: explorando problemas espaciales en el humedal Los Batros"},"content":{"rendered":"<p data-start=\"170\" data-end=\"492\">Los d\u00edas martes 11 y jueves 13 de noviembre, los cursos de 8\u00b0 B\u00e1sico realizaron una enriquecedora salida pedag\u00f3gica a terreno con el objetivo de estudiar problemas espaciales en la Geograf\u00eda regional, en el marco de los contenidos trabajados en la asignatura de Historia, Geograf\u00eda y Ciencias Sociales.<\/p>\n<p data-start=\"494\" data-end=\"895\">La experiencia permiti\u00f3 que las y los estudiantes reflexionaran sobre el v\u00ednculo de las comunidades con el territorio, as\u00ed como sobre la importancia del cuidado del medioambiente. A partir de la observaci\u00f3n directa de situaciones presentes en el espacio geogr\u00e1fico, los cursos analizaron c\u00f3mo estos problemas afectan la vida de las personas y requieren de una mirada cr\u00edtica y responsable.<\/p>\n<p data-start=\"897\" data-end=\"1321\">La actividad estuvo guiada por los profesores de la asignatura, Francisco Inostroza L\u00f3pez y Omar Gaete Riquelme, quienes explicaron el contexto geogr\u00e1fico del humedal Los Batros y orientaron las actividades que el alumnado deb\u00eda desarrollar en terreno. Tambi\u00e9n acompa\u00f1aron esta jornada las profesoras PIE Monserrat S\u00e1ez y Tiare Orellana, apoyando el proceso formativo y la participaci\u00f3n de todos los estudiantes.<\/p>\n<p data-start=\"1323\" data-end=\"1549\">Los docentes de Historia agradecieron el apoyo de la Direcci\u00f3n de Ciclo Roma y de las docentes PIE, destacando adem\u00e1s la disciplina, compromiso e inter\u00e9s con que los cursos participaron de esta instancia formativa.<\/p>\n","protected":false},"excerpt":{"rendered":"<p>Los d\u00edas martes 11 y jueves 13 de noviembre, los cursos de 8\u00b0 B\u00e1sico realizaron una enriquecedora salida pedag\u00f3gica a terreno con el objetivo de estudiar problemas espaciales en la Geograf\u00eda regional, en el marco de los contenidos trabajados en la asignatura de Historia, Geograf\u00eda y Ciencias Sociales. La experiencia permiti\u00f3 que las y los&hellip;<\/p>\n","protected":false},"author":1,"featured_media":10745,"comment_status":"closed","ping_status":"closed","sticky":false,"template":"","format":"standard","meta":[],"categories":[4],"tags":[],"_links":{"self":[{"href":"http:\/\/sanignacioconcepcion.cl\/sitio\/wp-json\/wp\/v2\/posts\/10744"}],"collection":[{"href":"http:\/\/sanignacioconcepcion.cl\/sitio\/wp-json\/wp\/v2\/posts"}],"about":[{"href":"http:\/\/sanignacioconcepcion.cl\/sitio\/wp-json\/wp\/v2\/types\/post"}],"author":[{"embeddable":true,"href":"http:\/\/sanignacioconcepcion.cl\/sitio\/wp-json\/wp\/v2\/users\/1"}],"replies":[{"embeddable":true,"href":"http:\/\/sanignacioconcepcion.cl\/sitio\/wp-json\/wp\/v2\/comments?post=10744"}],"version-history":[{"count":1,"href":"http:\/\/sanignacioconcepcion.cl\/sitio\/wp-json\/wp\/v2\/posts\/10744\/revisions"}],"predecessor-version":[{"id":10746,"href":"http:\/\/sanignacioconcepcion.cl\/sitio\/wp-json\/wp\/v2\/posts\/10744\/revisions\/10746"}],"wp:featuredmedia":[{"embeddable":true,"href":"http:\/\/sanignacioconcepcion.cl\/sitio\/wp-json\/wp\/v2\/media\/10745"}],"wp:attachment":[{"href":"http:\/\/sanignacioconcepcion.cl\/sitio\/wp-json\/wp\/v2\/media?parent=10744"}],"wp:term":[{"taxonomy":"category","embeddable":true,"href":"http:\/\/sanignacioconcepcion.cl\/sitio\/wp-json\/wp\/v2\/categories?post=10744"},{"taxonomy":"post_tag","embeddable":true,"href":"http:\/\/sanignacioconcepcion.cl\/sitio\/wp-json\/wp\/v2\/tags?post=10744"}],"curies":[{"name":"wp","href":"https:\/\/api.w.org\/{rel}","templated":true}]}}