{"id":10754,"date":"2025-11-21T13:01:07","date_gmt":"2025-11-21T16:01:07","guid":{"rendered":"https:\/\/sanignacioconcepcion.cl\/sitio\/?p=10754"},"modified":"2025-11-21T13:01:07","modified_gmt":"2025-11-21T16:01:07","slug":"celebramos-el-dia-de-la-educacion-parvularia-con-alegria-y-creatividad","status":"publish","type":"post","link":"http:\/\/sanignacioconcepcion.cl\/sitio\/celebramos-el-dia-de-la-educacion-parvularia-con-alegria-y-creatividad\/","title":{"rendered":"Celebramos el D\u00eda de la Educaci\u00f3n Parvularia con alegr\u00eda y creatividad"},"content":{"rendered":"<p data-start=\"99\" data-end=\"490\">Este 21 de noviembre, nuestra comunidad celebr\u00f3 con entusiasmo el D\u00eda de la Educaci\u00f3n Parvularia, una fecha que reconoce el rol fundamental que cumplen las educadoras y educadores de p\u00e1rvulos en el desarrollo integral de ni\u00f1os y ni\u00f1as desde la primera infancia. Su labor diaria acompa\u00f1a, gu\u00eda y potencia el descubrimiento del mundo con cari\u00f1o, profesionalismo y dedicaci\u00f3n ignaciana.<\/p>\n<p data-start=\"492\" data-end=\"683\">Para conmemorar este d\u00eda tan especial, los cursos de Prek\u00ednder y K\u00ednder disfrutaron de una jornada llena de juegos, exploraci\u00f3n y experiencias creativas especialmente pensadas para ellos.<\/p>\n<p data-start=\"685\" data-end=\"915\">La ma\u00f1ana comenz\u00f3 con un picnic al aire libre, donde compartieron como curso y disfrutaron del entorno natural. Luego, jugaron con pistolas de agua y burbujas, actividades que despertaron risas, movimiento y mucha energ\u00eda.<\/p>\n<p data-start=\"917\" data-end=\"1122\">Adem\u00e1s, los ni\u00f1os y ni\u00f1as participaron en diversas estaciones de juegos y actividades, dise\u00f1adas para potenciar su creatividad y motricidad fina, como la pintura y el trabajo con diferentes materiales.<\/p>\n<p data-start=\"1124\" data-end=\"1273\">La jornada finaliz\u00f3 con un show interactivo a cargo de una monitora, quien los invit\u00f3 a bailar, cantar y disfrutar de un cierre lleno de alegr\u00eda.<span style=\"color: #800000;\"><a style=\"color: #800000;\" href=\"https:\/\/photos.app.goo.gl\/xoQ6wAv3kDJaA4S67\"><strong> Ver fotos<\/strong><\/a><\/span><\/p>\n","protected":false},"excerpt":{"rendered":"<p>Este 21 de noviembre, nuestra comunidad celebr\u00f3 con entusiasmo el D\u00eda de la Educaci\u00f3n Parvularia, una fecha que reconoce el rol fundamental que cumplen las educadoras y educadores de p\u00e1rvulos en el desarrollo integral de ni\u00f1os y ni\u00f1as desde la primera infancia. Su labor diaria acompa\u00f1a, gu\u00eda y potencia el descubrimiento del mundo con cari\u00f1o,&hellip;<\/p>\n","protected":false},"author":1,"featured_media":10755,"comment_status":"closed","ping_status":"closed","sticky":false,"template":"","format":"standard","meta":[],"categories":[4],"tags":[],"_links":{"self":[{"href":"http:\/\/sanignacioconcepcion.cl\/sitio\/wp-json\/wp\/v2\/posts\/10754"}],"collection":[{"href":"http:\/\/sanignacioconcepcion.cl\/sitio\/wp-json\/wp\/v2\/posts"}],"about":[{"href":"http:\/\/sanignacioconcepcion.cl\/sitio\/wp-json\/wp\/v2\/types\/post"}],"author":[{"embeddable":true,"href":"http:\/\/sanignacioconcepcion.cl\/sitio\/wp-json\/wp\/v2\/users\/1"}],"replies":[{"embeddable":true,"href":"http:\/\/sanignacioconcepcion.cl\/sitio\/wp-json\/wp\/v2\/comments?post=10754"}],"version-history":[{"count":1,"href":"http:\/\/sanignacioconcepcion.cl\/sitio\/wp-json\/wp\/v2\/posts\/10754\/revisions"}],"predecessor-version":[{"id":10756,"href":"http:\/\/sanignacioconcepcion.cl\/sitio\/wp-json\/wp\/v2\/posts\/10754\/revisions\/10756"}],"wp:featuredmedia":[{"embeddable":true,"href":"http:\/\/sanignacioconcepcion.cl\/sitio\/wp-json\/wp\/v2\/media\/10755"}],"wp:attachment":[{"href":"http:\/\/sanignacioconcepcion.cl\/sitio\/wp-json\/wp\/v2\/media?parent=10754"}],"wp:term":[{"taxonomy":"category","embeddable":true,"href":"http:\/\/sanignacioconcepcion.cl\/sitio\/wp-json\/wp\/v2\/categories?post=10754"},{"taxonomy":"post_tag","embeddable":true,"href":"http:\/\/sanignacioconcepcion.cl\/sitio\/wp-json\/wp\/v2\/tags?post=10754"}],"curies":[{"name":"wp","href":"https:\/\/api.w.org\/{rel}","templated":true}]}}