{"id":10772,"date":"2025-11-24T15:57:24","date_gmt":"2025-11-24T18:57:24","guid":{"rendered":"https:\/\/sanignacioconcepcion.cl\/sitio\/?p=10772"},"modified":"2025-11-24T15:57:24","modified_gmt":"2025-11-24T18:57:24","slug":"modificacion-de-horario-de-salida-desde-el-1-de-diciembre","status":"publish","type":"post","link":"http:\/\/sanignacioconcepcion.cl\/sitio\/modificacion-de-horario-de-salida-desde-el-1-de-diciembre\/","title":{"rendered":"Modificaci\u00f3n de horario de salida desde el 1 de diciembre"},"content":{"rendered":"<table role=\"presentation\" border=\"0\" width=\"100%\" cellspacing=\"0\" cellpadding=\"0\">\n<tbody>\n<tr>\n<td class=\"r9-c nl2go-default-textstyle\" align=\"left\">\n<div>\n<p id=\"isPasted\" class=\"default\" data-start=\"69\" data-end=\"88\">Estimadas familias:<\/p>\n<p class=\"default\" data-start=\"90\" data-end=\"282\">Junto con saludar, informamos que a partir del\u00a0<strong data-start=\"137\" data-end=\"161\">lunes 1 de diciembre<\/strong>\u00a0el horario de salida de nuestros estudiantes se modificar\u00e1, dado que la jornada escolar finalizar\u00e1 despu\u00e9s del almuerzo.<\/p>\n<p class=\"default\" data-start=\"284\" data-end=\"325\">Los nuevos horarios ser\u00e1n los siguientes:<\/p>\n<ul data-start=\"327\" data-end=\"417\">\n<li data-start=\"327\" data-end=\"369\">\n<p class=\"default\" data-start=\"329\" data-end=\"369\"><strong data-start=\"329\" data-end=\"355\">Prek\u00ednder a 8\u00b0 b\u00e1sico:<\/strong>\u00a013:20 horas<\/p>\n<\/li>\n<li data-start=\"370\" data-end=\"417\">\n<p class=\"default\" data-start=\"372\" data-end=\"417\"><strong data-start=\"372\" data-end=\"403\">Ciclo Roma (I a III medio):<\/strong>\u00a014:15 horas<\/p>\n<\/li>\n<\/ul>\n<p class=\"default\" data-start=\"419\" data-end=\"599\">Les recordamos adem\u00e1s que las\u00a0<strong data-start=\"449\" data-end=\"506\">actividades ACLE finalizan el s\u00e1bado 29 de noviembre<\/strong>, por lo que desde esa fecha en adelante no se realizar\u00e1n talleres en la jornada de la tarde.<\/p>\n<\/div>\n<\/td>\n<\/tr>\n<\/tbody>\n<\/table>\n","protected":false},"excerpt":{"rendered":"<p>Estimadas familias: Junto con saludar, informamos que a partir del\u00a0lunes 1 de diciembre\u00a0el horario de salida de nuestros estudiantes se modificar\u00e1, dado que la jornada escolar finalizar\u00e1 despu\u00e9s del almuerzo. Los nuevos horarios ser\u00e1n los siguientes: Prek\u00ednder a 8\u00b0 b\u00e1sico:\u00a013:20 horas Ciclo Roma (I a III medio):\u00a014:15 horas Les recordamos adem\u00e1s que las\u00a0actividades ACLE finalizan&hellip;<\/p>\n","protected":false},"author":1,"featured_media":0,"comment_status":"closed","ping_status":"closed","sticky":false,"template":"","format":"standard","meta":[],"categories":[3],"tags":[],"_links":{"self":[{"href":"http:\/\/sanignacioconcepcion.cl\/sitio\/wp-json\/wp\/v2\/posts\/10772"}],"collection":[{"href":"http:\/\/sanignacioconcepcion.cl\/sitio\/wp-json\/wp\/v2\/posts"}],"about":[{"href":"http:\/\/sanignacioconcepcion.cl\/sitio\/wp-json\/wp\/v2\/types\/post"}],"author":[{"embeddable":true,"href":"http:\/\/sanignacioconcepcion.cl\/sitio\/wp-json\/wp\/v2\/users\/1"}],"replies":[{"embeddable":true,"href":"http:\/\/sanignacioconcepcion.cl\/sitio\/wp-json\/wp\/v2\/comments?post=10772"}],"version-history":[{"count":1,"href":"http:\/\/sanignacioconcepcion.cl\/sitio\/wp-json\/wp\/v2\/posts\/10772\/revisions"}],"predecessor-version":[{"id":10773,"href":"http:\/\/sanignacioconcepcion.cl\/sitio\/wp-json\/wp\/v2\/posts\/10772\/revisions\/10773"}],"wp:attachment":[{"href":"http:\/\/sanignacioconcepcion.cl\/sitio\/wp-json\/wp\/v2\/media?parent=10772"}],"wp:term":[{"taxonomy":"category","embeddable":true,"href":"http:\/\/sanignacioconcepcion.cl\/sitio\/wp-json\/wp\/v2\/categories?post=10772"},{"taxonomy":"post_tag","embeddable":true,"href":"http:\/\/sanignacioconcepcion.cl\/sitio\/wp-json\/wp\/v2\/tags?post=10772"}],"curies":[{"name":"wp","href":"https:\/\/api.w.org\/{rel}","templated":true}]}}