{"id":10774,"date":"2025-11-26T11:10:06","date_gmt":"2025-11-26T14:10:06","guid":{"rendered":"https:\/\/sanignacioconcepcion.cl\/sitio\/?p=10774"},"modified":"2025-11-26T11:10:06","modified_gmt":"2025-11-26T14:10:06","slug":"5o-reunion-de-padres-y-apoderados-2025","status":"publish","type":"post","link":"http:\/\/sanignacioconcepcion.cl\/sitio\/5o-reunion-de-padres-y-apoderados-2025\/","title":{"rendered":"5\u00ba Reuni\u00f3n de padres y apoderados 2025"},"content":{"rendered":"<p data-start=\"88\" data-end=\"256\">Estimadas familias:<\/p>\n<p data-start=\"88\" data-end=\"256\">Junto con saludar, informamos que la 5\u00aa Reuni\u00f3n de Apoderados del a\u00f1o se realizar\u00e1 la pr\u00f3xima semana, en las siguientes fechas y horarios:<\/p>\n<ul data-start=\"258\" data-end=\"524\">\n<li data-start=\"258\" data-end=\"443\">\n<p data-start=\"260\" data-end=\"443\"><strong data-start=\"260\" data-end=\"299\">Martes 2 de diciembre \u2013 19:00 hrs.:<\/strong> Apoderados del Ciclo Loyola y Ciclo Roma<br data-start=\"344\" data-end=\"347\" \/><em data-start=\"349\" data-end=\"443\">(<strong>Excepto 1\u00b0 B\u00e1sicos, cuya reuni\u00f3n se realizar\u00e1 el<\/strong> <strong data-start=\"400\" data-end=\"441\">lunes 1 de diciembre a las 19:00 hrs.<\/strong>)<\/em><\/p>\n<\/li>\n<li data-start=\"447\" data-end=\"524\">\n<p data-start=\"449\" data-end=\"524\"><strong data-start=\"449\" data-end=\"491\">Mi\u00e9rcoles 3 de diciembre \u2013 19:00 hrs.:<\/strong> Apoderados del Ciclo Manresa<\/p>\n<\/li>\n<\/ul>\n<p data-start=\"526\" data-end=\"623\">Estas instancias son fundamentales para acompa\u00f1ar el desarrollo de nuestros estudiantes y fortalecer el trabajo conjunto entre familia y colegio. Su asistencia es muy importante.<\/p>\n","protected":false},"excerpt":{"rendered":"<p>Estimadas familias: Junto con saludar, informamos que la 5\u00aa Reuni\u00f3n de Apoderados del a\u00f1o se realizar\u00e1 la pr\u00f3xima semana, en las siguientes fechas y horarios: Martes 2 de diciembre \u2013 19:00 hrs.: Apoderados del Ciclo Loyola y Ciclo Roma(Excepto 1\u00b0 B\u00e1sicos, cuya reuni\u00f3n se realizar\u00e1 el lunes 1 de diciembre a las 19:00 hrs.) Mi\u00e9rcoles&hellip;<\/p>\n","protected":false},"author":1,"featured_media":0,"comment_status":"closed","ping_status":"closed","sticky":false,"template":"","format":"standard","meta":[],"categories":[3],"tags":[],"_links":{"self":[{"href":"http:\/\/sanignacioconcepcion.cl\/sitio\/wp-json\/wp\/v2\/posts\/10774"}],"collection":[{"href":"http:\/\/sanignacioconcepcion.cl\/sitio\/wp-json\/wp\/v2\/posts"}],"about":[{"href":"http:\/\/sanignacioconcepcion.cl\/sitio\/wp-json\/wp\/v2\/types\/post"}],"author":[{"embeddable":true,"href":"http:\/\/sanignacioconcepcion.cl\/sitio\/wp-json\/wp\/v2\/users\/1"}],"replies":[{"embeddable":true,"href":"http:\/\/sanignacioconcepcion.cl\/sitio\/wp-json\/wp\/v2\/comments?post=10774"}],"version-history":[{"count":1,"href":"http:\/\/sanignacioconcepcion.cl\/sitio\/wp-json\/wp\/v2\/posts\/10774\/revisions"}],"predecessor-version":[{"id":10775,"href":"http:\/\/sanignacioconcepcion.cl\/sitio\/wp-json\/wp\/v2\/posts\/10774\/revisions\/10775"}],"wp:attachment":[{"href":"http:\/\/sanignacioconcepcion.cl\/sitio\/wp-json\/wp\/v2\/media?parent=10774"}],"wp:term":[{"taxonomy":"category","embeddable":true,"href":"http:\/\/sanignacioconcepcion.cl\/sitio\/wp-json\/wp\/v2\/categories?post=10774"},{"taxonomy":"post_tag","embeddable":true,"href":"http:\/\/sanignacioconcepcion.cl\/sitio\/wp-json\/wp\/v2\/tags?post=10774"}],"curies":[{"name":"wp","href":"https:\/\/api.w.org\/{rel}","templated":true}]}}