{"id":10778,"date":"2025-11-27T11:50:26","date_gmt":"2025-11-27T14:50:26","guid":{"rendered":"https:\/\/sanignacioconcepcion.cl\/sitio\/?p=10778"},"modified":"2025-11-27T11:50:26","modified_gmt":"2025-11-27T14:50:26","slug":"estudiantes-de-5-basico-viven-la-ruta-ignaciana-en-el-cerro-caracol","status":"publish","type":"post","link":"http:\/\/sanignacioconcepcion.cl\/sitio\/estudiantes-de-5-basico-viven-la-ruta-ignaciana-en-el-cerro-caracol\/","title":{"rendered":"Estudiantes de 5\u00b0 B\u00e1sico viven la Ruta Ignaciana en el Cerro Caracol"},"content":{"rendered":"<p data-start=\"292\" data-end=\"805\">El mi\u00e9rcoles 19 de noviembre, los estudiantes de 5\u00b0 b\u00e1sico del Colegio San Ignacio participaron en una nueva versi\u00f3n de la Ruta Ignaciana, actividad formativa que cada a\u00f1o invita a los cursos a vivir un espacio de espiritualidad, reflexi\u00f3n y encuentro con la naturaleza en el Cerro Caracol. La experiencia, inspirada en la vida y peregrinaje de San Ignacio de Loyola, busca que los ni\u00f1os y ni\u00f1as reconozcan la naturaleza como casa com\u00fan, fortalezcan el trabajo colaborativo y conecten con su interioridad.<\/p>\n<p data-start=\"807\" data-end=\"1338\">La jornada contempl\u00f3 un recorrido guiado por cinco estaciones tem\u00e1ticas, cada una vinculada a un momento significativo del camino de San Ignacio. A lo largo del trayecto, los estudiantes desarrollaron din\u00e1micas grupales y momentos de contemplaci\u00f3n que los llevaron a preguntarse por qui\u00e9n caminan, qu\u00e9 sienten en su interior, qu\u00e9 les da alegr\u00eda, d\u00f3nde encuentran hoy a Jes\u00fas y c\u00f3mo se sienten llamados a amar y servir. Estas reflexiones permiten que cada ni\u00f1o y ni\u00f1a viva la ruta desde su propia experiencia y sensibilidad.<\/p>\n<p data-start=\"1340\" data-end=\"1629\">El recorrido fue acompa\u00f1ado por los profesores jefes, integrantes del equipo de Formaci\u00f3n, monitores de I\u00b0 Medio y apoderados voluntarios. Asimismo, el equipo de ciclo y el capell\u00e1n del colegio guiaron los momentos de oraci\u00f3n y acompa\u00f1amiento espiritual presentes en cada etapa del camino.<\/p>\n<p data-start=\"1631\" data-end=\"2002\">La actividad comenz\u00f3 con una motivaci\u00f3n y oraci\u00f3n en el colegio, para luego dar paso a la caminata por el cerro, donde los estudiantes realizaron lecturas de la <em data-start=\"1792\" data-end=\"1822\">Autobiograf\u00eda de San Ignacio<\/em>, ejercicios de contemplaci\u00f3n y trabajos colaborativos. La subida culmin\u00f3 en la cumbre del Cerro Caracol, lugar donde se realiz\u00f3 una instancia final de descanso, reflexi\u00f3n y env\u00edo.<\/p>\n<p data-start=\"2004\" data-end=\"2196\">De regreso al establecimiento, los cursos concluyeron la experiencia en la capilla del colegio, compartiendo lo vivido y recibiendo un recuerdo bendecido que simboliza el camino recorrido.<\/p>\n<p data-start=\"2198\" data-end=\"2461\">Con esta actividad, el Colegio San Ignacio busca ofrecer a sus estudiantes un espacio significativo de interioridad, vida comunitaria y contacto con la creaci\u00f3n, promoviendo una mirada agradecida, consciente y responsable en l\u00ednea con nuestro sello ignaciano. <span style=\"color: #800000;\"><a style=\"color: #800000;\" href=\"https:\/\/photos.app.goo.gl\/ZgTkc7Z2cNLNDtL9A\"><strong>Ver fotos<\/strong><\/a><\/span><\/p>\n","protected":false},"excerpt":{"rendered":"<p>El mi\u00e9rcoles 19 de noviembre, los estudiantes de 5\u00b0 b\u00e1sico del Colegio San Ignacio participaron en una nueva versi\u00f3n de la Ruta Ignaciana, actividad formativa que cada a\u00f1o invita a los cursos a vivir un espacio de espiritualidad, reflexi\u00f3n y encuentro con la naturaleza en el Cerro Caracol. La experiencia, inspirada en la vida y&hellip;<\/p>\n","protected":false},"author":1,"featured_media":10779,"comment_status":"closed","ping_status":"closed","sticky":false,"template":"","format":"standard","meta":[],"categories":[4],"tags":[],"_links":{"self":[{"href":"http:\/\/sanignacioconcepcion.cl\/sitio\/wp-json\/wp\/v2\/posts\/10778"}],"collection":[{"href":"http:\/\/sanignacioconcepcion.cl\/sitio\/wp-json\/wp\/v2\/posts"}],"about":[{"href":"http:\/\/sanignacioconcepcion.cl\/sitio\/wp-json\/wp\/v2\/types\/post"}],"author":[{"embeddable":true,"href":"http:\/\/sanignacioconcepcion.cl\/sitio\/wp-json\/wp\/v2\/users\/1"}],"replies":[{"embeddable":true,"href":"http:\/\/sanignacioconcepcion.cl\/sitio\/wp-json\/wp\/v2\/comments?post=10778"}],"version-history":[{"count":1,"href":"http:\/\/sanignacioconcepcion.cl\/sitio\/wp-json\/wp\/v2\/posts\/10778\/revisions"}],"predecessor-version":[{"id":10780,"href":"http:\/\/sanignacioconcepcion.cl\/sitio\/wp-json\/wp\/v2\/posts\/10778\/revisions\/10780"}],"wp:featuredmedia":[{"embeddable":true,"href":"http:\/\/sanignacioconcepcion.cl\/sitio\/wp-json\/wp\/v2\/media\/10779"}],"wp:attachment":[{"href":"http:\/\/sanignacioconcepcion.cl\/sitio\/wp-json\/wp\/v2\/media?parent=10778"}],"wp:term":[{"taxonomy":"category","embeddable":true,"href":"http:\/\/sanignacioconcepcion.cl\/sitio\/wp-json\/wp\/v2\/categories?post=10778"},{"taxonomy":"post_tag","embeddable":true,"href":"http:\/\/sanignacioconcepcion.cl\/sitio\/wp-json\/wp\/v2\/tags?post=10778"}],"curies":[{"name":"wp","href":"https:\/\/api.w.org\/{rel}","templated":true}]}}