{"id":10781,"date":"2025-11-27T11:56:30","date_gmt":"2025-11-27T14:56:30","guid":{"rendered":"https:\/\/sanignacioconcepcion.cl\/sitio\/?p=10781"},"modified":"2025-11-27T11:56:30","modified_gmt":"2025-11-27T14:56:30","slug":"2-medios-trabajan-la-transicion-a-la-democracia-a-traves-de-la-expresion-corporal","status":"publish","type":"post","link":"http:\/\/sanignacioconcepcion.cl\/sitio\/2-medios-trabajan-la-transicion-a-la-democracia-a-traves-de-la-expresion-corporal\/","title":{"rendered":"2\u00b0 Medios trabajan la transici\u00f3n a la democracia a trav\u00e9s de la expresi\u00f3n corporal"},"content":{"rendered":"<p data-start=\"249\" data-end=\"578\">Durante esta semana, los cursos 2\u00b0 Medio B y C participaron en una experiencia de aula orientada a comprender y reflexionar sobre uno de los procesos m\u00e1s significativos de nuestra historia reciente: el regreso de Chile a la vida democr\u00e1tica tras los a\u00f1os del r\u00e9gimen c\u00edvico-militar encabezado por el general Augusto Pinochet.<\/p>\n<p data-start=\"580\" data-end=\"1015\">Con el prop\u00f3sito de acercar estos contenidos a un plano creativo, reflexivo y l\u00fadico, los estudiantes representaron como \u201cmimos\u201d tres escenas vinculadas a temas relevantes del pa\u00eds a inicios de los a\u00f1os 90. A trav\u00e9s del lenguaje no verbal \u2014gestos, posturas y movimientos corporales\u2014 pudieron expresar ideas, emociones y contextos propios de un Chile que despertaba a un tiempo nuevo, lleno de sue\u00f1os, esperanzas y desaf\u00edos.<\/p>\n<p data-start=\"1017\" data-end=\"1238\">La m\u00edmica permiti\u00f3 que los j\u00f3venes se aproximaran de manera distinta y significativa a este periodo hist\u00f3rico, comprendiendo no solo hechos, sino tambi\u00e9n el clima social y emocional que marcaron la transici\u00f3n democr\u00e1tica.<\/p>\n","protected":false},"excerpt":{"rendered":"<p>Durante esta semana, los cursos 2\u00b0 Medio B y C participaron en una experiencia de aula orientada a comprender y reflexionar sobre uno de los procesos m\u00e1s significativos de nuestra historia reciente: el regreso de Chile a la vida democr\u00e1tica tras los a\u00f1os del r\u00e9gimen c\u00edvico-militar encabezado por el general Augusto Pinochet. Con el prop\u00f3sito&hellip;<\/p>\n","protected":false},"author":1,"featured_media":10782,"comment_status":"closed","ping_status":"closed","sticky":false,"template":"","format":"standard","meta":[],"categories":[4],"tags":[],"_links":{"self":[{"href":"http:\/\/sanignacioconcepcion.cl\/sitio\/wp-json\/wp\/v2\/posts\/10781"}],"collection":[{"href":"http:\/\/sanignacioconcepcion.cl\/sitio\/wp-json\/wp\/v2\/posts"}],"about":[{"href":"http:\/\/sanignacioconcepcion.cl\/sitio\/wp-json\/wp\/v2\/types\/post"}],"author":[{"embeddable":true,"href":"http:\/\/sanignacioconcepcion.cl\/sitio\/wp-json\/wp\/v2\/users\/1"}],"replies":[{"embeddable":true,"href":"http:\/\/sanignacioconcepcion.cl\/sitio\/wp-json\/wp\/v2\/comments?post=10781"}],"version-history":[{"count":1,"href":"http:\/\/sanignacioconcepcion.cl\/sitio\/wp-json\/wp\/v2\/posts\/10781\/revisions"}],"predecessor-version":[{"id":10783,"href":"http:\/\/sanignacioconcepcion.cl\/sitio\/wp-json\/wp\/v2\/posts\/10781\/revisions\/10783"}],"wp:featuredmedia":[{"embeddable":true,"href":"http:\/\/sanignacioconcepcion.cl\/sitio\/wp-json\/wp\/v2\/media\/10782"}],"wp:attachment":[{"href":"http:\/\/sanignacioconcepcion.cl\/sitio\/wp-json\/wp\/v2\/media?parent=10781"}],"wp:term":[{"taxonomy":"category","embeddable":true,"href":"http:\/\/sanignacioconcepcion.cl\/sitio\/wp-json\/wp\/v2\/categories?post=10781"},{"taxonomy":"post_tag","embeddable":true,"href":"http:\/\/sanignacioconcepcion.cl\/sitio\/wp-json\/wp\/v2\/tags?post=10781"}],"curies":[{"name":"wp","href":"https:\/\/api.w.org\/{rel}","templated":true}]}}