{"id":10784,"date":"2025-11-27T16:16:02","date_gmt":"2025-11-27T19:16:02","guid":{"rendered":"https:\/\/sanignacioconcepcion.cl\/sitio\/?p=10784"},"modified":"2025-11-27T16:16:02","modified_gmt":"2025-11-27T19:16:02","slug":"estudiantes-de-kinder-viven-jornada-de-transicion-educativa-hacia-1-basico","status":"publish","type":"post","link":"http:\/\/sanignacioconcepcion.cl\/sitio\/estudiantes-de-kinder-viven-jornada-de-transicion-educativa-hacia-1-basico\/","title":{"rendered":"Estudiantes de K\u00ednder viven jornada de Transici\u00f3n Educativa hacia 1\u00b0 B\u00e1sico"},"content":{"rendered":"<p data-start=\"183\" data-end=\"462\">Ayer, mi\u00e9rcoles 18 de noviembre, se desarrollaron diversas actividades formativas en el marco del proceso de Transici\u00f3n Educativa desde K\u00ednder a 1\u00b0 B\u00e1sico, una etapa clave para acompa\u00f1ar a nuestros ni\u00f1os y ni\u00f1as en este importante cambio dentro de su trayectoria escolar.<\/p>\n<p data-start=\"464\" data-end=\"788\">Durante la ma\u00f1ana, los estudiantes de K\u00ednder visitaron las salas de 1\u00b0 B\u00e1sico, donde se les explic\u00f3 de manera cercana y l\u00fadica c\u00f3mo ser\u00e1 el funcionamiento del ciclo el pr\u00f3ximo a\u00f1o, resolviendo dudas y acerc\u00e1ndolos a su nueva experiencia escolar.<\/p>\n<p data-start=\"790\" data-end=\"1083\">Posteriormente, disfrutaron de un cuento compartido, instancia que permiti\u00f3 promover la imaginaci\u00f3n y el gusto por la lectura. Como actividad final, cada ni\u00f1o y ni\u00f1a elabor\u00f3 un marcap\u00e1ginas personalizado, que podr\u00e1n utilizar en 1\u00b0 B\u00e1sico cuando comiencen a leer de manera m\u00e1s aut\u00f3noma.<\/p>\n<p data-start=\"1085\" data-end=\"1405\">Por la tarde, se realiz\u00f3 un encuentro formativo con los padres, madres y apoderados de K\u00ednder, en el que participaron 81 familias. Esta instancia tuvo como objetivo entregar orientaciones, acompa\u00f1ar el proceso de transici\u00f3n y fortalecer el trabajo conjunto entre familia y colegio en esta nueva etapa que inicia.<\/p>\n<p data-start=\"1407\" data-end=\"1594\">\n","protected":false},"excerpt":{"rendered":"<p>Ayer, mi\u00e9rcoles 18 de noviembre, se desarrollaron diversas actividades formativas en el marco del proceso de Transici\u00f3n Educativa desde K\u00ednder a 1\u00b0 B\u00e1sico, una etapa clave para acompa\u00f1ar a nuestros ni\u00f1os y ni\u00f1as en este importante cambio dentro de su trayectoria escolar. Durante la ma\u00f1ana, los estudiantes de K\u00ednder visitaron las salas de 1\u00b0 B\u00e1sico,&hellip;<\/p>\n","protected":false},"author":1,"featured_media":10785,"comment_status":"closed","ping_status":"closed","sticky":false,"template":"","format":"standard","meta":[],"categories":[4],"tags":[],"_links":{"self":[{"href":"http:\/\/sanignacioconcepcion.cl\/sitio\/wp-json\/wp\/v2\/posts\/10784"}],"collection":[{"href":"http:\/\/sanignacioconcepcion.cl\/sitio\/wp-json\/wp\/v2\/posts"}],"about":[{"href":"http:\/\/sanignacioconcepcion.cl\/sitio\/wp-json\/wp\/v2\/types\/post"}],"author":[{"embeddable":true,"href":"http:\/\/sanignacioconcepcion.cl\/sitio\/wp-json\/wp\/v2\/users\/1"}],"replies":[{"embeddable":true,"href":"http:\/\/sanignacioconcepcion.cl\/sitio\/wp-json\/wp\/v2\/comments?post=10784"}],"version-history":[{"count":1,"href":"http:\/\/sanignacioconcepcion.cl\/sitio\/wp-json\/wp\/v2\/posts\/10784\/revisions"}],"predecessor-version":[{"id":10786,"href":"http:\/\/sanignacioconcepcion.cl\/sitio\/wp-json\/wp\/v2\/posts\/10784\/revisions\/10786"}],"wp:featuredmedia":[{"embeddable":true,"href":"http:\/\/sanignacioconcepcion.cl\/sitio\/wp-json\/wp\/v2\/media\/10785"}],"wp:attachment":[{"href":"http:\/\/sanignacioconcepcion.cl\/sitio\/wp-json\/wp\/v2\/media?parent=10784"}],"wp:term":[{"taxonomy":"category","embeddable":true,"href":"http:\/\/sanignacioconcepcion.cl\/sitio\/wp-json\/wp\/v2\/categories?post=10784"},{"taxonomy":"post_tag","embeddable":true,"href":"http:\/\/sanignacioconcepcion.cl\/sitio\/wp-json\/wp\/v2\/tags?post=10784"}],"curies":[{"name":"wp","href":"https:\/\/api.w.org\/{rel}","templated":true}]}}