{"id":10787,"date":"2025-11-28T10:36:46","date_gmt":"2025-11-28T13:36:46","guid":{"rendered":"https:\/\/sanignacioconcepcion.cl\/sitio\/?p=10787"},"modified":"2025-11-28T10:36:46","modified_gmt":"2025-11-28T13:36:46","slug":"comunidad-ignaciana-se-reune-para-apoyar-a-la-teleton","status":"publish","type":"post","link":"http:\/\/sanignacioconcepcion.cl\/sitio\/comunidad-ignaciana-se-reune-para-apoyar-a-la-teleton\/","title":{"rendered":"Comunidad ignaciana se re\u00fane para apoyar a la Telet\u00f3n"},"content":{"rendered":"<p data-start=\"167\" data-end=\"511\">Durante la jornada de hoy, nuestra comunidad vivi\u00f3 un ambiente lleno de energ\u00eda, compromiso y alegr\u00eda en torno a las actividades organizadas para reunir fondos en apoyo a la Telet\u00f3n. Estudiantes, educadores y familias participaron con entusiasmo, demostrando que la solidaridad es un valor que se vive y se aprende d\u00eda a d\u00eda en nuestro colegio.<\/p>\n<p data-start=\"513\" data-end=\"814\">El CASI Manresa coordin\u00f3 una entretenida <em data-start=\"572\" data-end=\"593\">Feria de las Pulgas<\/em>, donde cada curso prepar\u00f3 su propio puesto de venta con productos variados.<\/p>\n<p data-start=\"816\" data-end=\"1171\">Y paralelamente, el equipo del Programa de Integraci\u00f3n Escolar (PIE) llev\u00f3 a cabo diversos juegos y din\u00e1micas. Estas actividades no solo aportaron a la recaudaci\u00f3n, sino que tambi\u00e9n promovieron la convivencia y un ambiente seguro.<\/p>\n<p data-start=\"816\" data-end=\"1171\">Gracias al compromiso de toda la comunidad educativa, la jornada concluy\u00f3 con un balance muy positivo, reflejando que cuando trabajamos unidos, podemos aportar con alegr\u00eda y generosidad a causas que inspiran.<\/p>\n","protected":false},"excerpt":{"rendered":"<p>Durante la jornada de hoy, nuestra comunidad vivi\u00f3 un ambiente lleno de energ\u00eda, compromiso y alegr\u00eda en torno a las actividades organizadas para reunir fondos en apoyo a la Telet\u00f3n. Estudiantes, educadores y familias participaron con entusiasmo, demostrando que la solidaridad es un valor que se vive y se aprende d\u00eda a d\u00eda en nuestro&hellip;<\/p>\n","protected":false},"author":1,"featured_media":10789,"comment_status":"closed","ping_status":"closed","sticky":false,"template":"","format":"standard","meta":[],"categories":[4],"tags":[],"_links":{"self":[{"href":"http:\/\/sanignacioconcepcion.cl\/sitio\/wp-json\/wp\/v2\/posts\/10787"}],"collection":[{"href":"http:\/\/sanignacioconcepcion.cl\/sitio\/wp-json\/wp\/v2\/posts"}],"about":[{"href":"http:\/\/sanignacioconcepcion.cl\/sitio\/wp-json\/wp\/v2\/types\/post"}],"author":[{"embeddable":true,"href":"http:\/\/sanignacioconcepcion.cl\/sitio\/wp-json\/wp\/v2\/users\/1"}],"replies":[{"embeddable":true,"href":"http:\/\/sanignacioconcepcion.cl\/sitio\/wp-json\/wp\/v2\/comments?post=10787"}],"version-history":[{"count":1,"href":"http:\/\/sanignacioconcepcion.cl\/sitio\/wp-json\/wp\/v2\/posts\/10787\/revisions"}],"predecessor-version":[{"id":10790,"href":"http:\/\/sanignacioconcepcion.cl\/sitio\/wp-json\/wp\/v2\/posts\/10787\/revisions\/10790"}],"wp:featuredmedia":[{"embeddable":true,"href":"http:\/\/sanignacioconcepcion.cl\/sitio\/wp-json\/wp\/v2\/media\/10789"}],"wp:attachment":[{"href":"http:\/\/sanignacioconcepcion.cl\/sitio\/wp-json\/wp\/v2\/media?parent=10787"}],"wp:term":[{"taxonomy":"category","embeddable":true,"href":"http:\/\/sanignacioconcepcion.cl\/sitio\/wp-json\/wp\/v2\/categories?post=10787"},{"taxonomy":"post_tag","embeddable":true,"href":"http:\/\/sanignacioconcepcion.cl\/sitio\/wp-json\/wp\/v2\/tags?post=10787"}],"curies":[{"name":"wp","href":"https:\/\/api.w.org\/{rel}","templated":true}]}}