{"id":10791,"date":"2025-12-01T12:18:46","date_gmt":"2025-12-01T15:18:46","guid":{"rendered":"https:\/\/sanignacioconcepcion.cl\/sitio\/?p=10791"},"modified":"2025-12-01T12:22:02","modified_gmt":"2025-12-01T15:22:02","slug":"cierre-del-taller-de-literatura-el-gabinete-del-terror","status":"publish","type":"post","link":"http:\/\/sanignacioconcepcion.cl\/sitio\/cierre-del-taller-de-literatura-el-gabinete-del-terror\/","title":{"rendered":"Cierre del Taller de Literatura: \u201cEl Gabinete del Terror\u201d"},"content":{"rendered":"<p data-start=\"151\" data-end=\"670\">El pasado viernes 28 de noviembre se realiz\u00f3 el cierre del Taller de Literatura \u201cEl gabinete del terror\u201d, un espacio dedicado a la lectura, la creatividad y la exploraci\u00f3n del g\u00e9nero del terror. En esta instancia se presentaron tres cuentos originales escritos por estudiantes de III\u00b0 Medio del electivo: Antonio Fuenzalida (III\u00b0C), Josefa Carvajal (III\u00b0A) y Emilia Riffo (III\u00b0C), quienes compartieron con la comunidad sus relatos, demostrando imaginaci\u00f3n, profundidad y un notable manejo narrativo.<\/p>\n<p data-start=\"672\" data-end=\"869\">La jornada permiti\u00f3 valorar el talento de nuestros estudiantes y reconocer el trabajo realizado durante el taller, que foment\u00f3 la escritura creativa, el an\u00e1lisis literario y la expresi\u00f3n art\u00edstica.<\/p>\n<p data-start=\"672\" data-end=\"869\">Te invitamos a revisar los cuentos <a href=\"https:\/\/heyzine.com\/flip-book\/15a6666607.html\">aqu\u00ed<\/a>:<\/p>\n<p><iframe class=\"wp-embedded-content\" sandbox=\"allow-scripts\" security=\"restricted\" scrolling=\"no\" src=\"https:\/\/heyzine.com\/flip-book\/15a6666607.html#?secret=nRAxGMSqI5\" data-secret=\"nRAxGMSqI5\"><\/iframe><\/p>\n","protected":false},"excerpt":{"rendered":"<p>El pasado viernes 28 de noviembre se realiz\u00f3 el cierre del Taller de Literatura \u201cEl gabinete del terror\u201d, un espacio dedicado a la lectura, la creatividad y la exploraci\u00f3n del g\u00e9nero del terror. En esta instancia se presentaron tres cuentos originales escritos por estudiantes de III\u00b0 Medio del electivo: Antonio Fuenzalida (III\u00b0C), Josefa Carvajal (III\u00b0A)&hellip;<\/p>\n","protected":false},"author":1,"featured_media":10792,"comment_status":"closed","ping_status":"closed","sticky":false,"template":"","format":"standard","meta":[],"categories":[4],"tags":[],"_links":{"self":[{"href":"http:\/\/sanignacioconcepcion.cl\/sitio\/wp-json\/wp\/v2\/posts\/10791"}],"collection":[{"href":"http:\/\/sanignacioconcepcion.cl\/sitio\/wp-json\/wp\/v2\/posts"}],"about":[{"href":"http:\/\/sanignacioconcepcion.cl\/sitio\/wp-json\/wp\/v2\/types\/post"}],"author":[{"embeddable":true,"href":"http:\/\/sanignacioconcepcion.cl\/sitio\/wp-json\/wp\/v2\/users\/1"}],"replies":[{"embeddable":true,"href":"http:\/\/sanignacioconcepcion.cl\/sitio\/wp-json\/wp\/v2\/comments?post=10791"}],"version-history":[{"count":3,"href":"http:\/\/sanignacioconcepcion.cl\/sitio\/wp-json\/wp\/v2\/posts\/10791\/revisions"}],"predecessor-version":[{"id":10795,"href":"http:\/\/sanignacioconcepcion.cl\/sitio\/wp-json\/wp\/v2\/posts\/10791\/revisions\/10795"}],"wp:featuredmedia":[{"embeddable":true,"href":"http:\/\/sanignacioconcepcion.cl\/sitio\/wp-json\/wp\/v2\/media\/10792"}],"wp:attachment":[{"href":"http:\/\/sanignacioconcepcion.cl\/sitio\/wp-json\/wp\/v2\/media?parent=10791"}],"wp:term":[{"taxonomy":"category","embeddable":true,"href":"http:\/\/sanignacioconcepcion.cl\/sitio\/wp-json\/wp\/v2\/categories?post=10791"},{"taxonomy":"post_tag","embeddable":true,"href":"http:\/\/sanignacioconcepcion.cl\/sitio\/wp-json\/wp\/v2\/tags?post=10791"}],"curies":[{"name":"wp","href":"https:\/\/api.w.org\/{rel}","templated":true}]}}