{"id":10796,"date":"2025-12-01T12:40:07","date_gmt":"2025-12-01T15:40:07","guid":{"rendered":"https:\/\/sanignacioconcepcion.cl\/sitio\/?p=10796"},"modified":"2025-12-01T12:40:14","modified_gmt":"2025-12-01T15:40:14","slug":"comunidad-educativa-participa-en-el-cierre-de-las-acle-2025","status":"publish","type":"post","link":"http:\/\/sanignacioconcepcion.cl\/sitio\/comunidad-educativa-participa-en-el-cierre-de-las-acle-2025\/","title":{"rendered":"Comunidad educativa participa en el cierre de las ACLE 2025"},"content":{"rendered":"<p data-start=\"114\" data-end=\"391\">La semana pasada se llev\u00f3 a cabo el cierre de las Actividades Curriculares de Libre Elecci\u00f3n (ACLE), instancia que reuni\u00f3 a estudiantes, familias y educadores para culminar un a\u00f1o de trabajo, disciplina y aprendizaje en torno a diversas expresiones deportivas y art\u00edsticas.<\/p>\n<p data-start=\"393\" data-end=\"776\">Durante la jornada, los talleres de f\u00fatbol, b\u00e1squetbol, gimnasia r\u00edtmica, taekwondo, ballet, entre otros, realizaron presentaciones y exhibiciones que permitieron mostrar los avances, habilidades y procesos formativos desarrollados a lo largo del a\u00f1o. Cada grupo demostr\u00f3 compromiso, perseverancia y entusiasmo, reflejando el esp\u00edritu formativo que caracteriza a nuestro colegio.<\/p>\n<p data-start=\"778\" data-end=\"979\">Agradecemos a las y los estudiantes por su participaci\u00f3n, a las familias por su apoyo constante y a los profesores y monitores ACLE por su dedicaci\u00f3n y acompa\u00f1amiento en cada una de estas experiencias.<span style=\"color: #800000;\"><strong><a style=\"color: #800000;\" href=\"https:\/\/photos.app.goo.gl\/KYCmGhjEPK1b5Nnm7\"> Ver fotos<\/a><\/strong><\/span><\/p>\n","protected":false},"excerpt":{"rendered":"<p>La semana pasada se llev\u00f3 a cabo el cierre de las Actividades Curriculares de Libre Elecci\u00f3n (ACLE), instancia que reuni\u00f3 a estudiantes, familias y educadores para culminar un a\u00f1o de trabajo, disciplina y aprendizaje en torno a diversas expresiones deportivas y art\u00edsticas. Durante la jornada, los talleres de f\u00fatbol, b\u00e1squetbol, gimnasia r\u00edtmica, taekwondo, ballet, entre&hellip;<\/p>\n","protected":false},"author":1,"featured_media":10797,"comment_status":"closed","ping_status":"closed","sticky":false,"template":"","format":"standard","meta":[],"categories":[4],"tags":[],"_links":{"self":[{"href":"http:\/\/sanignacioconcepcion.cl\/sitio\/wp-json\/wp\/v2\/posts\/10796"}],"collection":[{"href":"http:\/\/sanignacioconcepcion.cl\/sitio\/wp-json\/wp\/v2\/posts"}],"about":[{"href":"http:\/\/sanignacioconcepcion.cl\/sitio\/wp-json\/wp\/v2\/types\/post"}],"author":[{"embeddable":true,"href":"http:\/\/sanignacioconcepcion.cl\/sitio\/wp-json\/wp\/v2\/users\/1"}],"replies":[{"embeddable":true,"href":"http:\/\/sanignacioconcepcion.cl\/sitio\/wp-json\/wp\/v2\/comments?post=10796"}],"version-history":[{"count":2,"href":"http:\/\/sanignacioconcepcion.cl\/sitio\/wp-json\/wp\/v2\/posts\/10796\/revisions"}],"predecessor-version":[{"id":10799,"href":"http:\/\/sanignacioconcepcion.cl\/sitio\/wp-json\/wp\/v2\/posts\/10796\/revisions\/10799"}],"wp:featuredmedia":[{"embeddable":true,"href":"http:\/\/sanignacioconcepcion.cl\/sitio\/wp-json\/wp\/v2\/media\/10797"}],"wp:attachment":[{"href":"http:\/\/sanignacioconcepcion.cl\/sitio\/wp-json\/wp\/v2\/media?parent=10796"}],"wp:term":[{"taxonomy":"category","embeddable":true,"href":"http:\/\/sanignacioconcepcion.cl\/sitio\/wp-json\/wp\/v2\/categories?post=10796"},{"taxonomy":"post_tag","embeddable":true,"href":"http:\/\/sanignacioconcepcion.cl\/sitio\/wp-json\/wp\/v2\/tags?post=10796"}],"curies":[{"name":"wp","href":"https:\/\/api.w.org\/{rel}","templated":true}]}}