{"id":10813,"date":"2025-12-02T14:43:31","date_gmt":"2025-12-02T17:43:31","guid":{"rendered":"https:\/\/sanignacioconcepcion.cl\/sitio\/?p=10813"},"modified":"2025-12-02T14:43:31","modified_gmt":"2025-12-02T17:43:31","slug":"feria-filosofica-2025-iii-medios-presentan-creativos-stands","status":"publish","type":"post","link":"http:\/\/sanignacioconcepcion.cl\/sitio\/feria-filosofica-2025-iii-medios-presentan-creativos-stands\/","title":{"rendered":"Feria Filos\u00f3fica 2025: III\u00b0 Medios presentan creativos stands"},"content":{"rendered":"<p data-start=\"119\" data-end=\"433\">Esta ma\u00f1ana,\u00a0 los estudiantes de III\u00b0 Medio realizaron en la Biblioteca del colegio la Feria Filos\u00f3fica, instancia en la que presentaron stands creativos e interdisciplinarios sobre distintos problemas fundamentales de la filosof\u00eda, integrando reflexi\u00f3n, di\u00e1logo y expresiones art\u00edsticas.<\/p>\n<p data-start=\"435\" data-end=\"606\">Los II\u00b0 Medios visitaron los stands, recorriendo cada propuesta y dialogando con los expositores, lo que permiti\u00f3 generar un valioso espacio de aprendizaje compartido.<\/p>\n<p data-start=\"608\" data-end=\"749\">La actividad destac\u00f3 por su car\u00e1cter formativo y por la creatividad con que el alumnado logr\u00f3 acercar los contenidos filos\u00f3ficos a sus pares.<\/p>\n","protected":false},"excerpt":{"rendered":"<p>Esta ma\u00f1ana,\u00a0 los estudiantes de III\u00b0 Medio realizaron en la Biblioteca del colegio la Feria Filos\u00f3fica, instancia en la que presentaron stands creativos e interdisciplinarios sobre distintos problemas fundamentales de la filosof\u00eda, integrando reflexi\u00f3n, di\u00e1logo y expresiones art\u00edsticas. Los II\u00b0 Medios visitaron los stands, recorriendo cada propuesta y dialogando con los expositores, lo que permiti\u00f3&hellip;<\/p>\n","protected":false},"author":1,"featured_media":10814,"comment_status":"closed","ping_status":"closed","sticky":false,"template":"","format":"standard","meta":[],"categories":[4],"tags":[],"_links":{"self":[{"href":"http:\/\/sanignacioconcepcion.cl\/sitio\/wp-json\/wp\/v2\/posts\/10813"}],"collection":[{"href":"http:\/\/sanignacioconcepcion.cl\/sitio\/wp-json\/wp\/v2\/posts"}],"about":[{"href":"http:\/\/sanignacioconcepcion.cl\/sitio\/wp-json\/wp\/v2\/types\/post"}],"author":[{"embeddable":true,"href":"http:\/\/sanignacioconcepcion.cl\/sitio\/wp-json\/wp\/v2\/users\/1"}],"replies":[{"embeddable":true,"href":"http:\/\/sanignacioconcepcion.cl\/sitio\/wp-json\/wp\/v2\/comments?post=10813"}],"version-history":[{"count":1,"href":"http:\/\/sanignacioconcepcion.cl\/sitio\/wp-json\/wp\/v2\/posts\/10813\/revisions"}],"predecessor-version":[{"id":10815,"href":"http:\/\/sanignacioconcepcion.cl\/sitio\/wp-json\/wp\/v2\/posts\/10813\/revisions\/10815"}],"wp:featuredmedia":[{"embeddable":true,"href":"http:\/\/sanignacioconcepcion.cl\/sitio\/wp-json\/wp\/v2\/media\/10814"}],"wp:attachment":[{"href":"http:\/\/sanignacioconcepcion.cl\/sitio\/wp-json\/wp\/v2\/media?parent=10813"}],"wp:term":[{"taxonomy":"category","embeddable":true,"href":"http:\/\/sanignacioconcepcion.cl\/sitio\/wp-json\/wp\/v2\/categories?post=10813"},{"taxonomy":"post_tag","embeddable":true,"href":"http:\/\/sanignacioconcepcion.cl\/sitio\/wp-json\/wp\/v2\/tags?post=10813"}],"curies":[{"name":"wp","href":"https:\/\/api.w.org\/{rel}","templated":true}]}}