{"id":10821,"date":"2025-12-05T11:27:56","date_gmt":"2025-12-05T14:27:56","guid":{"rendered":"https:\/\/sanignacioconcepcion.cl\/sitio\/?p=10821"},"modified":"2025-12-05T11:29:10","modified_gmt":"2025-12-05T14:29:10","slug":"estudiantes-de-6-basico-vivieron-la-experiencia-montserrat","status":"publish","type":"post","link":"http:\/\/sanignacioconcepcion.cl\/sitio\/estudiantes-de-6-basico-vivieron-la-experiencia-montserrat\/","title":{"rendered":"Estudiantes de 6\u00b0 B\u00e1sico vivieron la experiencia Montserrat"},"content":{"rendered":"<p data-start=\"220\" data-end=\"498\">Durante esta semana, nuestros estudiantes de 6\u00b0 B\u00e1sico participaron en la Experiencia Montserrat, una instancia formativa especialmente dise\u00f1ada para acompa\u00f1arlos en el cierre de esta etapa escolar y prepararlos para los nuevos desaf\u00edos que enfrentar\u00e1n en el Ciclo Roma.<\/p>\n<p data-start=\"500\" data-end=\"741\">La jornada invit\u00f3 a las y los estudiantes a reflexionar de manera personal y grupal sobre el camino recorrido durante estos a\u00f1os, reconociendo aprendizajes, fortalezas, dificultades superadas y momentos significativos de su vida escolar.<\/p>\n<p data-start=\"743\" data-end=\"996\">Adem\u00e1s, la experiencia los llev\u00f3 a profundizar en distintos \u00e1mbitos de su vida familiar, escolar y pastoral, promoviendo la capacidad de mirar con honestidad su propio proceso, valorar el acompa\u00f1amiento recibido y fortalecer su sentido de comunidad.<\/p>\n<p data-start=\"998\" data-end=\"1271\">A trav\u00e9s de din\u00e1micas, espacios de conversaci\u00f3n y momentos de interioridad, se impuls\u00f3 en cada estudiante la capacidad de proyectar metas y desaf\u00edos para el futuro pr\u00f3ximo, invit\u00e1ndolos a asumir esta nueva etapa con responsabilidad, confianza y apertura al crecimiento.<a href=\"https:\/\/photos.app.goo.gl\/EmhYFDNU7MjGfnBY9\"><span style=\"color: #800000;\"><strong>Ver fotos<\/strong><\/span><\/a><\/p>\n<p data-start=\"1273\" data-end=\"1483\">\n","protected":false},"excerpt":{"rendered":"<p>Durante esta semana, nuestros estudiantes de 6\u00b0 B\u00e1sico participaron en la Experiencia Montserrat, una instancia formativa especialmente dise\u00f1ada para acompa\u00f1arlos en el cierre de esta etapa escolar y prepararlos para los nuevos desaf\u00edos que enfrentar\u00e1n en el Ciclo Roma. La jornada invit\u00f3 a las y los estudiantes a reflexionar de manera personal y grupal sobre&hellip;<\/p>\n","protected":false},"author":1,"featured_media":10836,"comment_status":"closed","ping_status":"closed","sticky":false,"template":"","format":"standard","meta":[],"categories":[4],"tags":[],"_links":{"self":[{"href":"http:\/\/sanignacioconcepcion.cl\/sitio\/wp-json\/wp\/v2\/posts\/10821"}],"collection":[{"href":"http:\/\/sanignacioconcepcion.cl\/sitio\/wp-json\/wp\/v2\/posts"}],"about":[{"href":"http:\/\/sanignacioconcepcion.cl\/sitio\/wp-json\/wp\/v2\/types\/post"}],"author":[{"embeddable":true,"href":"http:\/\/sanignacioconcepcion.cl\/sitio\/wp-json\/wp\/v2\/users\/1"}],"replies":[{"embeddable":true,"href":"http:\/\/sanignacioconcepcion.cl\/sitio\/wp-json\/wp\/v2\/comments?post=10821"}],"version-history":[{"count":2,"href":"http:\/\/sanignacioconcepcion.cl\/sitio\/wp-json\/wp\/v2\/posts\/10821\/revisions"}],"predecessor-version":[{"id":10835,"href":"http:\/\/sanignacioconcepcion.cl\/sitio\/wp-json\/wp\/v2\/posts\/10821\/revisions\/10835"}],"wp:featuredmedia":[{"embeddable":true,"href":"http:\/\/sanignacioconcepcion.cl\/sitio\/wp-json\/wp\/v2\/media\/10836"}],"wp:attachment":[{"href":"http:\/\/sanignacioconcepcion.cl\/sitio\/wp-json\/wp\/v2\/media?parent=10821"}],"wp:term":[{"taxonomy":"category","embeddable":true,"href":"http:\/\/sanignacioconcepcion.cl\/sitio\/wp-json\/wp\/v2\/categories?post=10821"},{"taxonomy":"post_tag","embeddable":true,"href":"http:\/\/sanignacioconcepcion.cl\/sitio\/wp-json\/wp\/v2\/tags?post=10821"}],"curies":[{"name":"wp","href":"https:\/\/api.w.org\/{rel}","templated":true}]}}