{"id":10826,"date":"2025-12-05T10:16:58","date_gmt":"2025-12-05T13:16:58","guid":{"rendered":"https:\/\/sanignacioconcepcion.cl\/sitio\/?p=10826"},"modified":"2025-12-05T10:16:58","modified_gmt":"2025-12-05T13:16:58","slug":"proceso-de-matriculas-2026","status":"publish","type":"post","link":"http:\/\/sanignacioconcepcion.cl\/sitio\/proceso-de-matriculas-2026\/","title":{"rendered":"Proceso de matr\u00edculas 2026"},"content":{"rendered":"<p>Estimadas familias:<\/p>\n<p>El Proceso de Matr\u00edculas 2026 se realizar\u00e1 entre el 9 y el 23 de diciembre. Les pedimos revisar con atenci\u00f3n las siguientes indicaciones:<\/p>\n<p><strong>Matr\u00edcula alumnos antiguos:\u00a0<\/strong>Debe matricular en la fecha correspondiente al curso al que ingresar\u00e1 su hijo o hija en 2026.<\/p>\n<p><strong>Matr\u00edcula alumnos nuevos:<\/strong>A cada familia le llegar\u00e1 un correo con la citaci\u00f3n que indicar\u00e1 la\u00a0<strong>fecha y hora<\/strong>\u00a0en que deben presentarse.<\/p>\n<p><strong>Documentaci\u00f3n obligatoria:\u00a0<\/strong>Antes de asistir, recuerda descargar y llevar todos los documentos obligatorios, disponibles en:\u00a0<a href=\"http:\/\/www.sanignacioconcepcion.cl\/\" target=\"_blank\" rel=\"noopener\" data-saferedirecturl=\"https:\/\/www.google.com\/url?q=http:\/\/www.sanignacioconcepcion.cl&amp;source=gmail&amp;ust=1765022664030000&amp;usg=AOvVaw2j-QFp6FOEad-_QOQETYGu\">www.sanignacioconcepcion.<wbr \/>cl<\/a><\/p>\n<p>Adem\u00e1s, los alumnos prioritarios deben traer el Certificado de alumno prioritario:\u00a0<a href=\"https:\/\/certificados.mineduc.cl\/mvc\/home\/index\" target=\"_blank\" rel=\"noopener\" data-saferedirecturl=\"https:\/\/www.google.com\/url?q=https:\/\/certificados.mineduc.cl\/mvc\/home\/index&amp;source=gmail&amp;ust=1765022664030000&amp;usg=AOvVaw2fu339A7_QJIxAwFW-EPLI\">https:\/\/certificados.mineduc.<wbr \/>cl\/mvc\/home\/index<\/a><\/p>\n<p><strong>Requisitos para matricular:<\/strong><\/p>\n<ul>\n<li>Arancel 2025 al d\u00eda.<\/li>\n<li>Sin libros pendientes de devoluci\u00f3n en Biblioteca.<\/li>\n<\/ul>\n<p><strong>Arancel anual 2026:<\/strong>\u00a0$1.520.000<\/p>\n<p><strong>Formas de pago:\u00a0<\/strong>Transbank (cr\u00e9dito \/ d\u00e9bito), Cheque, Pagar\u00e9<\/p>\n<p>Para dudas y consultas, escr\u00edbenos a\u00a0<strong><a rel=\"noopener\">&#x6d;&#97;&#116;r&#x69;&#x63;&#117;l&#x61;&#x73;&#64;co&#x6c;&#101;&#103;i&#x6f;&#x73;&#105;c&#x2e;&#x63;&#108;<\/a><\/strong><\/p>\n<p><img loading=\"lazy\" class=\"alignnone size-full wp-image-10827\" src=\"http:\/\/sanignacioconcepcion.cl\/sitio\/wp-content\/uploads\/2025\/12\/Paseo-de-fin-de-an\u0303o-1.png\" alt=\"\" width=\"1080\" height=\"1350\" srcset=\"http:\/\/sanignacioconcepcion.cl\/sitio\/wp-content\/uploads\/2025\/12\/Paseo-de-fin-de-an\u0303o-1.png 1080w, http:\/\/sanignacioconcepcion.cl\/sitio\/wp-content\/uploads\/2025\/12\/Paseo-de-fin-de-an\u0303o-1-819x1024.png 819w, http:\/\/sanignacioconcepcion.cl\/sitio\/wp-content\/uploads\/2025\/12\/Paseo-de-fin-de-an\u0303o-1-768x960.png 768w, http:\/\/sanignacioconcepcion.cl\/sitio\/wp-content\/uploads\/2025\/12\/Paseo-de-fin-de-an\u0303o-1-600x750.png 600w\" sizes=\"(max-width: 1080px) 100vw, 1080px\" \/><\/p>\n","protected":false},"excerpt":{"rendered":"<p>Estimadas familias: El Proceso de Matr\u00edculas 2026 se realizar\u00e1 entre el 9 y el 23 de diciembre. Les pedimos revisar con atenci\u00f3n las siguientes indicaciones: Matr\u00edcula alumnos antiguos:\u00a0Debe matricular en la fecha correspondiente al curso al que ingresar\u00e1 su hijo o hija en 2026. Matr\u00edcula alumnos nuevos:A cada familia le llegar\u00e1 un correo con la&hellip;<\/p>\n","protected":false},"author":1,"featured_media":0,"comment_status":"closed","ping_status":"closed","sticky":false,"template":"","format":"standard","meta":[],"categories":[3],"tags":[],"_links":{"self":[{"href":"http:\/\/sanignacioconcepcion.cl\/sitio\/wp-json\/wp\/v2\/posts\/10826"}],"collection":[{"href":"http:\/\/sanignacioconcepcion.cl\/sitio\/wp-json\/wp\/v2\/posts"}],"about":[{"href":"http:\/\/sanignacioconcepcion.cl\/sitio\/wp-json\/wp\/v2\/types\/post"}],"author":[{"embeddable":true,"href":"http:\/\/sanignacioconcepcion.cl\/sitio\/wp-json\/wp\/v2\/users\/1"}],"replies":[{"embeddable":true,"href":"http:\/\/sanignacioconcepcion.cl\/sitio\/wp-json\/wp\/v2\/comments?post=10826"}],"version-history":[{"count":1,"href":"http:\/\/sanignacioconcepcion.cl\/sitio\/wp-json\/wp\/v2\/posts\/10826\/revisions"}],"predecessor-version":[{"id":10828,"href":"http:\/\/sanignacioconcepcion.cl\/sitio\/wp-json\/wp\/v2\/posts\/10826\/revisions\/10828"}],"wp:attachment":[{"href":"http:\/\/sanignacioconcepcion.cl\/sitio\/wp-json\/wp\/v2\/media?parent=10826"}],"wp:term":[{"taxonomy":"category","embeddable":true,"href":"http:\/\/sanignacioconcepcion.cl\/sitio\/wp-json\/wp\/v2\/categories?post=10826"},{"taxonomy":"post_tag","embeddable":true,"href":"http:\/\/sanignacioconcepcion.cl\/sitio\/wp-json\/wp\/v2\/tags?post=10826"}],"curies":[{"name":"wp","href":"https:\/\/api.w.org\/{rel}","templated":true}]}}