{"id":10831,"date":"2025-12-05T10:23:26","date_gmt":"2025-12-05T13:23:26","guid":{"rendered":"https:\/\/sanignacioconcepcion.cl\/sitio\/?p=10831"},"modified":"2025-12-05T10:23:26","modified_gmt":"2025-12-05T13:23:26","slug":"ceremonia-de-premiacion-del-concurso-fisica-en-3-minutos","status":"publish","type":"post","link":"http:\/\/sanignacioconcepcion.cl\/sitio\/ceremonia-de-premiacion-del-concurso-fisica-en-3-minutos\/","title":{"rendered":"Ceremonia de premiaci\u00f3n del  Concurso \u201cF\u00edsica en 3 Minutos\u201d"},"content":{"rendered":"<p data-start=\"76\" data-end=\"355\">El\u00a0 jueves 4 de diciembre, se llev\u00f3 a cabo la ceremonia de premiaci\u00f3n del II\u00b0 Concurso de F\u00edsica, desarrollado bajo la tem\u00e1tica \u201cF\u00edsica en 3 Minutos\u201d, una iniciativa impulsada durante el mes de noviembre y dirigida a estudiantes desde 7\u00b0 b\u00e1sico hasta IV\u00b0 medio.<\/p>\n<p data-start=\"437\" data-end=\"896\">Este concurso busc\u00f3 promover el inter\u00e9s por la ciencia a trav\u00e9s de un formato creativo y desafiante: la elaboraci\u00f3n de videos de 1 a 3 minutos en los que las y los participantes explicaron fen\u00f3menos f\u00edsicos, investigaciones o experimentos de manera clara, atractiva y rigurosa. La actividad combin\u00f3 divulgaci\u00f3n cient\u00edfica, comunicaci\u00f3n efectiva y creatividad, permitiendo que los estudiantes exploraran nuevas formas de aprender y compartir conocimientos.<\/p>\n<p data-start=\"898\" data-end=\"1185\">Durante la ceremonia, se reconoci\u00f3 el trabajo, la dedicaci\u00f3n y el entusiasmo de quienes participaron en esta segunda versi\u00f3n del concurso, destacando la calidad de los videos presentados y la capacidad de los estudiantes para acercar la f\u00edsica a sus pares de manera simple y entretenida.<\/p>\n<h3 data-start=\"1187\" data-end=\"1217\">Ganadores del concurso<\/h3>\n<ul data-start=\"1218\" data-end=\"1429\">\n<li data-start=\"1218\" data-end=\"1314\">\n<p data-start=\"1220\" data-end=\"1314\">Primer Lugar: Camila Venegas (3\u00b0MB), Gabriel Castro y Fernanda Cruz, egresados del 4\u00b0MA.<\/p>\n<\/li>\n<li data-start=\"1315\" data-end=\"1384\">\n<p data-start=\"1317\" data-end=\"1384\">Segundo Lugar: Sof\u00eda Riffo y Santiago Mellado, ambos del 7\u00b0A.<\/p>\n<\/li>\n<li data-start=\"1385\" data-end=\"1429\">\n<p data-start=\"1387\" data-end=\"1429\">Tercer Lugar: Daniel Manzano, del 8\u00b0A.<\/p>\n<\/li>\n<\/ul>\n<p><span style=\"color: #800000;\"><a style=\"color: #800000;\" href=\"https:\/\/photos.app.goo.gl\/hDymrqDwoSFcmc2G6\"><strong>Ver fotos<\/strong><\/a><\/span><\/p>\n<p data-start=\"1431\" data-end=\"1656\">\n","protected":false},"excerpt":{"rendered":"<p>El\u00a0 jueves 4 de diciembre, se llev\u00f3 a cabo la ceremonia de premiaci\u00f3n del II\u00b0 Concurso de F\u00edsica, desarrollado bajo la tem\u00e1tica \u201cF\u00edsica en 3 Minutos\u201d, una iniciativa impulsada durante el mes de noviembre y dirigida a estudiantes desde 7\u00b0 b\u00e1sico hasta IV\u00b0 medio. Este concurso busc\u00f3 promover el inter\u00e9s por la ciencia a trav\u00e9s&hellip;<\/p>\n","protected":false},"author":1,"featured_media":10832,"comment_status":"closed","ping_status":"closed","sticky":false,"template":"","format":"standard","meta":[],"categories":[4],"tags":[],"_links":{"self":[{"href":"http:\/\/sanignacioconcepcion.cl\/sitio\/wp-json\/wp\/v2\/posts\/10831"}],"collection":[{"href":"http:\/\/sanignacioconcepcion.cl\/sitio\/wp-json\/wp\/v2\/posts"}],"about":[{"href":"http:\/\/sanignacioconcepcion.cl\/sitio\/wp-json\/wp\/v2\/types\/post"}],"author":[{"embeddable":true,"href":"http:\/\/sanignacioconcepcion.cl\/sitio\/wp-json\/wp\/v2\/users\/1"}],"replies":[{"embeddable":true,"href":"http:\/\/sanignacioconcepcion.cl\/sitio\/wp-json\/wp\/v2\/comments?post=10831"}],"version-history":[{"count":1,"href":"http:\/\/sanignacioconcepcion.cl\/sitio\/wp-json\/wp\/v2\/posts\/10831\/revisions"}],"predecessor-version":[{"id":10833,"href":"http:\/\/sanignacioconcepcion.cl\/sitio\/wp-json\/wp\/v2\/posts\/10831\/revisions\/10833"}],"wp:featuredmedia":[{"embeddable":true,"href":"http:\/\/sanignacioconcepcion.cl\/sitio\/wp-json\/wp\/v2\/media\/10832"}],"wp:attachment":[{"href":"http:\/\/sanignacioconcepcion.cl\/sitio\/wp-json\/wp\/v2\/media?parent=10831"}],"wp:term":[{"taxonomy":"category","embeddable":true,"href":"http:\/\/sanignacioconcepcion.cl\/sitio\/wp-json\/wp\/v2\/categories?post=10831"},{"taxonomy":"post_tag","embeddable":true,"href":"http:\/\/sanignacioconcepcion.cl\/sitio\/wp-json\/wp\/v2\/tags?post=10831"}],"curies":[{"name":"wp","href":"https:\/\/api.w.org\/{rel}","templated":true}]}}