{"id":10837,"date":"2025-12-05T14:31:02","date_gmt":"2025-12-05T17:31:02","guid":{"rendered":"https:\/\/sanignacioconcepcion.cl\/sitio\/?p=10837"},"modified":"2025-12-05T14:35:31","modified_gmt":"2025-12-05T17:35:31","slug":"premiacion-olimpiadas-de-matematica-sic-2025","status":"publish","type":"post","link":"http:\/\/sanignacioconcepcion.cl\/sitio\/premiacion-olimpiadas-de-matematica-sic-2025\/","title":{"rendered":"Premiaci\u00f3n Olimpiadas de Matem\u00e1tica SIC 2025"},"content":{"rendered":"<p data-start=\"239\" data-end=\"838\">Este viernes 5 de diciembre,\u00a0 se realiz\u00f3 la Premiaci\u00f3n de las Olimpiadas de Matem\u00e1tica SIC 2025,\u00a0 cuyo prop\u00f3sito fue fomentar el pensamiento l\u00f3gico, la resoluci\u00f3n de problemas y el gusto por las matem\u00e1ticas en nuestros estudiantes. A trav\u00e9s de diversas pruebas, tanto individuales como grupales, los participantes se enfrentaron a desaf\u00edos que abordaron razonamiento, situaciones num\u00e9ricas, elementos geom\u00e9tricos, secuencias, estrategias y puzzles matem\u00e1ticos, promoviendo la creatividad, el trabajo aut\u00f3nomo y la colaboraci\u00f3n en equipo.<\/p>\n<p data-start=\"840\" data-end=\"1331\">En la categor\u00eda individual de 5\u00b0 y 6\u00b0 b\u00e1sico, los reconocimientos fueron para:<\/p>\n<ul>\n<li data-start=\"840\" data-end=\"1331\">3\u00ba Lugar: Renato Ortega<\/li>\n<li data-start=\"840\" data-end=\"1331\">2 Lugar: Samer Archid<\/li>\n<li data-start=\"840\" data-end=\"1331\">1\u00ba Lugar:\u00a0 Mart\u00edn Leal<\/li>\n<\/ul>\n<p>En la categor\u00eda de 7\u00b0 y 8\u00b0 b\u00e1sico, los reconocimientos fueron para:<\/p>\n<ul>\n<li data-start=\"840\" data-end=\"1331\">3\u00ba Lugar: Aidan Sol\u00eds<\/li>\n<li data-start=\"840\" data-end=\"1331\">2 Lugar: Mei Li Chau<\/li>\n<li data-start=\"840\" data-end=\"1331\">1\u00ba Lugar: Juli\u00e1n Becerra<\/li>\n<\/ul>\n<p>En la categor\u00eda de I y II medio, los reconocimientos fueron para:<\/p>\n<ul>\n<li data-start=\"840\" data-end=\"1331\">3\u00ba Lugar: Constanza Bast\u00edas<\/li>\n<li data-start=\"840\" data-end=\"1331\">2 Lugar: Sim\u00f3n Far\u00edas<\/li>\n<li data-start=\"840\" data-end=\"1331\">1\u00ba Lugar: Camilo Castillo<\/li>\n<\/ul>\n<p data-start=\"1333\" data-end=\"1982\">La premiaci\u00f3n individual tambi\u00e9n reconoci\u00f3 a estudiantes de Prek\u00ednder, K\u00ednder y 1\u00b0 y 2\u00b0 b\u00e1sico:<\/p>\n<p data-start=\"1333\" data-end=\"1982\">En Prek\u00ednder fueron destacadas Josefa Fierro y Crist\u00f3bal Jara (PKA), Dominga Rivas (PKB), y Alessia Parra junto a Fernando Troncoso (PKC).<\/p>\n<p data-start=\"1333\" data-end=\"1982\">En K\u00ednder, los reconocimientos fueron para Emilia Espina y Camilo Santander (KA), Ignacio Mella (KB), y Tom\u00e1s Berr\u00edos y Luc\u00eda Llanos (KC).<\/p>\n<p data-start=\"1333\" data-end=\"1982\">En 1\u00b0 b\u00e1sico, los premiados fueron Mat\u00edas Olate (1A), Trinidad Smith y Jorge Le\u00f3n (1B), y Cristian Pinto junto a Lucas Torres (1C).<\/p>\n<p data-start=\"1333\" data-end=\"1982\">En 2\u00b0 b\u00e1sico, fueron distinguidos Nicol\u00e1s Calabrano (2A), Santiago Rojas y M\u00eda Trejo (2B), y Rafael Maura y Amira Llanos (2C).<\/p>\n<p data-start=\"1984\" data-end=\"2186\">Adem\u00e1s, se otorgaron reconocimientos especiales a quienes obtuvieron el primer lugar general dentro de su nivel: Emilio Ulloa (PKB), Antonia C\u00f3rdoba (KB), Agust\u00edn Sepulveda (1A) y Mar\u00eda Elena Cerda (2A).<\/p>\n<p data-start=\"2188\" data-end=\"2661\">En la fase grupal de las olimpiadas tambi\u00e9n hubo importantes logros. En la categor\u00eda de 5\u00b0 y 6\u00b0 b\u00e1sico, el equipo ganador estuvo integrado por Francisco Meneses, Renato Ortega y Benjam\u00edn Matamala. En 7\u00b0 y 8\u00b0 b\u00e1sico, el grupo compuesto por Diego Miranda, Francisco Plaza y Lucas Cofr\u00e9 obtuvo el primer lugar. Finalmente, en la categor\u00eda de I y II medio, el reconocimiento fue para el equipo conformado por Josefina Matamala, Antonia Fica, Fernando Reyes y Constanza Bast\u00edas.<\/p>\n<p data-start=\"2663\" data-end=\"3033\">Durante la ceremonia se entreg\u00f3 tambi\u00e9n un reconocimiento especial a los estudiantes de la Selecci\u00f3n de Matem\u00e1ticas, quienes representaron al colegio durante todo el a\u00f1o mostrando compromiso, disciplina y entusiasmo. Ellos son: Mart\u00edn Arenas, Beatriz B\u00e1ez, Carolina Rojas, Ignacio Lorente, Gaspar Sanhueza, Benjam\u00edn Soto, Josefa Carvajal, Vicente Carrasco y Alonso R\u00edos.<\/p>\n<p data-start=\"3035\" data-end=\"3481\">El Departamento de Matem\u00e1tica destac\u00f3 la importancia de fortalecer en nuestros estudiantes el gusto por aprender y el desaf\u00edo de pensar de manera cr\u00edtica y creativa. Se\u00f1alaron que las matem\u00e1ticas no solo permiten resolver problemas, sino que tambi\u00e9n desarrollan la perseverancia, el an\u00e1lisis y la capacidad de tomar decisiones, habilidades fundamentales para la vida y coherentes con la formaci\u00f3n integral que promovemos como comunidad educativa. <a href=\"https:\/\/photos.app.goo.gl\/qvWhtEUe5pQCCoS28\"><span style=\"color: #800000;\"><strong>Ver fotos<\/strong><\/span><\/a><\/p>\n","protected":false},"excerpt":{"rendered":"<p>Este viernes 5 de diciembre,\u00a0 se realiz\u00f3 la Premiaci\u00f3n de las Olimpiadas de Matem\u00e1tica SIC 2025,\u00a0 cuyo prop\u00f3sito fue fomentar el pensamiento l\u00f3gico, la resoluci\u00f3n de problemas y el gusto por las matem\u00e1ticas en nuestros estudiantes. A trav\u00e9s de diversas pruebas, tanto individuales como grupales, los participantes se enfrentaron a desaf\u00edos que abordaron razonamiento, situaciones&hellip;<\/p>\n","protected":false},"author":1,"featured_media":10838,"comment_status":"closed","ping_status":"closed","sticky":false,"template":"","format":"standard","meta":[],"categories":[4],"tags":[],"_links":{"self":[{"href":"http:\/\/sanignacioconcepcion.cl\/sitio\/wp-json\/wp\/v2\/posts\/10837"}],"collection":[{"href":"http:\/\/sanignacioconcepcion.cl\/sitio\/wp-json\/wp\/v2\/posts"}],"about":[{"href":"http:\/\/sanignacioconcepcion.cl\/sitio\/wp-json\/wp\/v2\/types\/post"}],"author":[{"embeddable":true,"href":"http:\/\/sanignacioconcepcion.cl\/sitio\/wp-json\/wp\/v2\/users\/1"}],"replies":[{"embeddable":true,"href":"http:\/\/sanignacioconcepcion.cl\/sitio\/wp-json\/wp\/v2\/comments?post=10837"}],"version-history":[{"count":3,"href":"http:\/\/sanignacioconcepcion.cl\/sitio\/wp-json\/wp\/v2\/posts\/10837\/revisions"}],"predecessor-version":[{"id":10841,"href":"http:\/\/sanignacioconcepcion.cl\/sitio\/wp-json\/wp\/v2\/posts\/10837\/revisions\/10841"}],"wp:featuredmedia":[{"embeddable":true,"href":"http:\/\/sanignacioconcepcion.cl\/sitio\/wp-json\/wp\/v2\/media\/10838"}],"wp:attachment":[{"href":"http:\/\/sanignacioconcepcion.cl\/sitio\/wp-json\/wp\/v2\/media?parent=10837"}],"wp:term":[{"taxonomy":"category","embeddable":true,"href":"http:\/\/sanignacioconcepcion.cl\/sitio\/wp-json\/wp\/v2\/categories?post=10837"},{"taxonomy":"post_tag","embeddable":true,"href":"http:\/\/sanignacioconcepcion.cl\/sitio\/wp-json\/wp\/v2\/tags?post=10837"}],"curies":[{"name":"wp","href":"https:\/\/api.w.org\/{rel}","templated":true}]}}