{"id":10863,"date":"2025-12-11T13:53:11","date_gmt":"2025-12-11T16:53:11","guid":{"rendered":"https:\/\/sanignacioconcepcion.cl\/sitio\/?p=10863"},"modified":"2025-12-11T13:53:11","modified_gmt":"2025-12-11T16:53:11","slug":"liturgias-de-navidad-en-el-ciclo-loyola","status":"publish","type":"post","link":"http:\/\/sanignacioconcepcion.cl\/sitio\/liturgias-de-navidad-en-el-ciclo-loyola\/","title":{"rendered":"Liturgias de Navidad en el Ciclo Loyola"},"content":{"rendered":"<p data-start=\"358\" data-end=\"618\">El martes 9 de diciembre, los estudiantes del Ciclo Loyola participaron en unas Liturgias de Navidad, instancias preparadas para acoger el esp\u00edritu del Adviento y celebrar juntos el nacimiento de Jes\u00fas.<\/p>\n<p data-start=\"620\" data-end=\"837\">Tanto Pre K\u00ednder y K\u00ednder, como 1\u00b0 y 2\u00b0 B\u00e1sico, vivieron celebraciones llenas de m\u00fasica, oraci\u00f3n y gestos simb\u00f3licos que permitieron a ni\u00f1os y ni\u00f1as acercarse de manera significativa al misterio de la Navidad.<\/p>\n<p data-start=\"1548\" data-end=\"1801\">En Pre K\u00ednder y K\u00ednder, los estudiantes celebraron con entusiasmo el nacimiento de Jes\u00fas mediante villancicos y representaciones que permitieron revivir la escena del pesebre y el anuncio del \u00e1ngel a los pastores.<\/p>\n<p data-start=\"2082\" data-end=\"2246\">Adem\u00e1s, cada curso present\u00f3 y bendijo los pesebres que confeccionaron con sus familias, gesto que invita a preparar el hogar y el coraz\u00f3n para recibir al Ni\u00f1o Dios.<\/p>\n<p data-start=\"882\" data-end=\"1267\">En las liturgias de 1\u00b0 y 2\u00b0 B\u00e1sico, los cursos tambi\u00e9n presentaron villancicos y signos propios del Adviento, como la corona y el reloj de adviento, recordando que Jes\u00fas es la luz que gu\u00eda nuestras vidas.<\/p>\n<p data-start=\"882\" data-end=\"1267\"><a href=\"https:\/\/photos.app.goo.gl\/1AmrvgfTeszSiM8C9\"><span style=\"color: #800000;\"><strong>Ver fotos<\/strong><\/span><\/a><\/p>\n<p data-start=\"2762\" data-end=\"2819\">\n","protected":false},"excerpt":{"rendered":"<p>El martes 9 de diciembre, los estudiantes del Ciclo Loyola participaron en unas Liturgias de Navidad, instancias preparadas para acoger el esp\u00edritu del Adviento y celebrar juntos el nacimiento de Jes\u00fas. Tanto Pre K\u00ednder y K\u00ednder, como 1\u00b0 y 2\u00b0 B\u00e1sico, vivieron celebraciones llenas de m\u00fasica, oraci\u00f3n y gestos simb\u00f3licos que permitieron a ni\u00f1os y&hellip;<\/p>\n","protected":false},"author":1,"featured_media":10864,"comment_status":"closed","ping_status":"closed","sticky":false,"template":"","format":"standard","meta":[],"categories":[4],"tags":[],"_links":{"self":[{"href":"http:\/\/sanignacioconcepcion.cl\/sitio\/wp-json\/wp\/v2\/posts\/10863"}],"collection":[{"href":"http:\/\/sanignacioconcepcion.cl\/sitio\/wp-json\/wp\/v2\/posts"}],"about":[{"href":"http:\/\/sanignacioconcepcion.cl\/sitio\/wp-json\/wp\/v2\/types\/post"}],"author":[{"embeddable":true,"href":"http:\/\/sanignacioconcepcion.cl\/sitio\/wp-json\/wp\/v2\/users\/1"}],"replies":[{"embeddable":true,"href":"http:\/\/sanignacioconcepcion.cl\/sitio\/wp-json\/wp\/v2\/comments?post=10863"}],"version-history":[{"count":1,"href":"http:\/\/sanignacioconcepcion.cl\/sitio\/wp-json\/wp\/v2\/posts\/10863\/revisions"}],"predecessor-version":[{"id":10865,"href":"http:\/\/sanignacioconcepcion.cl\/sitio\/wp-json\/wp\/v2\/posts\/10863\/revisions\/10865"}],"wp:featuredmedia":[{"embeddable":true,"href":"http:\/\/sanignacioconcepcion.cl\/sitio\/wp-json\/wp\/v2\/media\/10864"}],"wp:attachment":[{"href":"http:\/\/sanignacioconcepcion.cl\/sitio\/wp-json\/wp\/v2\/media?parent=10863"}],"wp:term":[{"taxonomy":"category","embeddable":true,"href":"http:\/\/sanignacioconcepcion.cl\/sitio\/wp-json\/wp\/v2\/categories?post=10863"},{"taxonomy":"post_tag","embeddable":true,"href":"http:\/\/sanignacioconcepcion.cl\/sitio\/wp-json\/wp\/v2\/tags?post=10863"}],"curies":[{"name":"wp","href":"https:\/\/api.w.org\/{rel}","templated":true}]}}