{"id":10868,"date":"2025-12-15T09:41:13","date_gmt":"2025-12-15T12:41:13","guid":{"rendered":"https:\/\/sanignacioconcepcion.cl\/sitio\/?p=10868"},"modified":"2025-12-15T09:41:13","modified_gmt":"2025-12-15T12:41:13","slug":"emotivo-cierre-del-ano-escolar-y-reconocimiento-a-estudiantes-destacados","status":"publish","type":"post","link":"http:\/\/sanignacioconcepcion.cl\/sitio\/emotivo-cierre-del-ano-escolar-y-reconocimiento-a-estudiantes-destacados\/","title":{"rendered":"Emotivo cierre del a\u00f1o escolar y reconocimiento a estudiantes destacados"},"content":{"rendered":"<p data-start=\"217\" data-end=\"520\">El jueves 11 de diciembre, nuestra comunidad educativa vivi\u00f3 el \u00faltimo d\u00eda de clases del a\u00f1o escolar, una jornada marcada por la gratitud, la alegr\u00eda y el reconocimiento a las y los estudiantes que, a lo largo del a\u00f1o, destacaron por su compromiso, esfuerzo y vivencia de los valores ignacianos.<\/p>\n<p data-start=\"522\" data-end=\"745\">En este contexto, se realizaron tres ceremonias de premiaci\u00f3n, organizadas por ciclo, que permitieron reconocer a los estudiantes destacados.<\/p>\n<p data-start=\"747\" data-end=\"816\">Durante las ceremonias, se entregaron los siguientes reconocimientos:<\/p>\n<ul data-start=\"818\" data-end=\"1526\">\n<li data-start=\"818\" data-end=\"944\">\n<p data-start=\"820\" data-end=\"944\">Mejor Compa\u00f1ero<\/p>\n<\/li>\n<li data-start=\"945\" data-end=\"1061\">\n<p data-start=\"947\" data-end=\"1061\">Reconocimiento San Alberto Hurtado<\/p>\n<\/li>\n<li data-start=\"1062\" data-end=\"1200\">\n<p data-start=\"1064\" data-end=\"1200\">Reconocimiento de Artes y Deportes<\/p>\n<\/li>\n<li data-start=\"1201\" data-end=\"1339\">\n<p data-start=\"1203\" data-end=\"1339\">Excelencia Acad\u00e9mica<\/p>\n<\/li>\n<li data-start=\"1340\" data-end=\"1526\">\n<p data-start=\"1342\" data-end=\"1526\">Reconocimiento San Ignacio de Loyola<\/p>\n<\/li>\n<\/ul>\n<p data-start=\"1528\" data-end=\"1780\">Estas ceremonias de cierre fueron una valiosa oportunidad para celebrar los logros alcanzados, agradecer el camino recorrido y despedir el a\u00f1o escolar fortaleciendo el sentido de comunidad, identidad y pertenencia que caracteriza a nuestro colegio.<\/p>\n<p data-start=\"1782\" data-end=\"1938\"><a href=\"https:\/\/photos.app.goo.gl\/qWBWMA2eQmdEgDLY8\"><span style=\"color: #800000;\"><strong>Ver fotos<\/strong><\/span><\/a><\/p>\n","protected":false},"excerpt":{"rendered":"<p>El jueves 11 de diciembre, nuestra comunidad educativa vivi\u00f3 el \u00faltimo d\u00eda de clases del a\u00f1o escolar, una jornada marcada por la gratitud, la alegr\u00eda y el reconocimiento a las y los estudiantes que, a lo largo del a\u00f1o, destacaron por su compromiso, esfuerzo y vivencia de los valores ignacianos. En este contexto, se realizaron&hellip;<\/p>\n","protected":false},"author":1,"featured_media":10869,"comment_status":"closed","ping_status":"closed","sticky":false,"template":"","format":"standard","meta":[],"categories":[4],"tags":[],"_links":{"self":[{"href":"http:\/\/sanignacioconcepcion.cl\/sitio\/wp-json\/wp\/v2\/posts\/10868"}],"collection":[{"href":"http:\/\/sanignacioconcepcion.cl\/sitio\/wp-json\/wp\/v2\/posts"}],"about":[{"href":"http:\/\/sanignacioconcepcion.cl\/sitio\/wp-json\/wp\/v2\/types\/post"}],"author":[{"embeddable":true,"href":"http:\/\/sanignacioconcepcion.cl\/sitio\/wp-json\/wp\/v2\/users\/1"}],"replies":[{"embeddable":true,"href":"http:\/\/sanignacioconcepcion.cl\/sitio\/wp-json\/wp\/v2\/comments?post=10868"}],"version-history":[{"count":1,"href":"http:\/\/sanignacioconcepcion.cl\/sitio\/wp-json\/wp\/v2\/posts\/10868\/revisions"}],"predecessor-version":[{"id":10870,"href":"http:\/\/sanignacioconcepcion.cl\/sitio\/wp-json\/wp\/v2\/posts\/10868\/revisions\/10870"}],"wp:featuredmedia":[{"embeddable":true,"href":"http:\/\/sanignacioconcepcion.cl\/sitio\/wp-json\/wp\/v2\/media\/10869"}],"wp:attachment":[{"href":"http:\/\/sanignacioconcepcion.cl\/sitio\/wp-json\/wp\/v2\/media?parent=10868"}],"wp:term":[{"taxonomy":"category","embeddable":true,"href":"http:\/\/sanignacioconcepcion.cl\/sitio\/wp-json\/wp\/v2\/categories?post=10868"},{"taxonomy":"post_tag","embeddable":true,"href":"http:\/\/sanignacioconcepcion.cl\/sitio\/wp-json\/wp\/v2\/tags?post=10868"}],"curies":[{"name":"wp","href":"https:\/\/api.w.org\/{rel}","templated":true}]}}