{"id":10871,"date":"2025-12-15T09:44:21","date_gmt":"2025-12-15T12:44:21","guid":{"rendered":"https:\/\/sanignacioconcepcion.cl\/sitio\/?p=10871"},"modified":"2025-12-15T09:44:29","modified_gmt":"2025-12-15T12:44:29","slug":"estudiantes-del-colegio-participaron-en-la-experiencia-formativa-camino-al-magis-2025","status":"publish","type":"post","link":"http:\/\/sanignacioconcepcion.cl\/sitio\/estudiantes-del-colegio-participaron-en-la-experiencia-formativa-camino-al-magis-2025\/","title":{"rendered":"Estudiantes participaron en la experiencia formativa \u201cCamino al Magis 2025\u201d"},"content":{"rendered":"<p data-start=\"279\" data-end=\"659\">A comienzos del mes de noviembre, un grupo de estudiantes de 7\u00b0 y 8\u00b0 b\u00e1sico de nuestro colegio particip\u00f3 en la experiencia formativa \u201cCamino al Magis 2025\u201d, una instancia que busca potenciar las habilidades de liderazgo ignaciano y reconocer las herramientas personales de cada estudiante, con el prop\u00f3sito de generar un impacto positivo en sus comunidades educativas.<\/p>\n<p data-start=\"661\" data-end=\"959\">En esta oportunidad,\u00a0 Agustina Silva, Amanda \u00c1vila, Andr\u00e9s Mart\u00ednez, Isidora Reyes, Lucas Cofr\u00e9 y Rafaella Avello vivieron esta significativa experiencia en la Casa de Retiro de Padre Hurtado, espacio que propici\u00f3 la reflexi\u00f3n, el encuentro y el aprendizaje compartido.<\/p>\n<p data-start=\"961\" data-end=\"1286\">Durante la jornada, los participantes profundizaron en el sentido del liderazgo ignaciano, reflexionando en torno a las 4C del estudiante ignaciano: ser Conscientes, Competentes, Compasivos y Comprometidos, comprendiendo el valor, la responsabilidad y el desaf\u00edo que estas dimensiones implican en el mundo actual.<\/p>\n<p data-start=\"1288\" data-end=\"1570\">La experiencia \u201cCamino al Magis\u201d permiti\u00f3 a las y los estudiantes reconocerse como agentes de cambio, fortalecer su identidad ignaciana y proyectar su liderazgo al servicio de los dem\u00e1s, en coherencia con los valores y el sello formativo de nuestro Proyecto Educativo Institucional.<\/p>\n","protected":false},"excerpt":{"rendered":"<p>A comienzos del mes de noviembre, un grupo de estudiantes de 7\u00b0 y 8\u00b0 b\u00e1sico de nuestro colegio particip\u00f3 en la experiencia formativa \u201cCamino al Magis 2025\u201d, una instancia que busca potenciar las habilidades de liderazgo ignaciano y reconocer las herramientas personales de cada estudiante, con el prop\u00f3sito de generar un impacto positivo en sus&hellip;<\/p>\n","protected":false},"author":1,"featured_media":10872,"comment_status":"closed","ping_status":"closed","sticky":false,"template":"","format":"standard","meta":[],"categories":[4],"tags":[],"_links":{"self":[{"href":"http:\/\/sanignacioconcepcion.cl\/sitio\/wp-json\/wp\/v2\/posts\/10871"}],"collection":[{"href":"http:\/\/sanignacioconcepcion.cl\/sitio\/wp-json\/wp\/v2\/posts"}],"about":[{"href":"http:\/\/sanignacioconcepcion.cl\/sitio\/wp-json\/wp\/v2\/types\/post"}],"author":[{"embeddable":true,"href":"http:\/\/sanignacioconcepcion.cl\/sitio\/wp-json\/wp\/v2\/users\/1"}],"replies":[{"embeddable":true,"href":"http:\/\/sanignacioconcepcion.cl\/sitio\/wp-json\/wp\/v2\/comments?post=10871"}],"version-history":[{"count":2,"href":"http:\/\/sanignacioconcepcion.cl\/sitio\/wp-json\/wp\/v2\/posts\/10871\/revisions"}],"predecessor-version":[{"id":10874,"href":"http:\/\/sanignacioconcepcion.cl\/sitio\/wp-json\/wp\/v2\/posts\/10871\/revisions\/10874"}],"wp:featuredmedia":[{"embeddable":true,"href":"http:\/\/sanignacioconcepcion.cl\/sitio\/wp-json\/wp\/v2\/media\/10872"}],"wp:attachment":[{"href":"http:\/\/sanignacioconcepcion.cl\/sitio\/wp-json\/wp\/v2\/media?parent=10871"}],"wp:term":[{"taxonomy":"category","embeddable":true,"href":"http:\/\/sanignacioconcepcion.cl\/sitio\/wp-json\/wp\/v2\/categories?post=10871"},{"taxonomy":"post_tag","embeddable":true,"href":"http:\/\/sanignacioconcepcion.cl\/sitio\/wp-json\/wp\/v2\/tags?post=10871"}],"curies":[{"name":"wp","href":"https:\/\/api.w.org\/{rel}","templated":true}]}}