{"id":10882,"date":"2025-12-18T15:56:26","date_gmt":"2025-12-18T18:56:26","guid":{"rendered":"https:\/\/sanignacioconcepcion.cl\/sitio\/?p=10882"},"modified":"2025-12-18T15:56:26","modified_gmt":"2025-12-18T18:56:26","slug":"casa-abierta-dio-la-bienvenida-a-nuevos-estudiantes-y-familias","status":"publish","type":"post","link":"http:\/\/sanignacioconcepcion.cl\/sitio\/casa-abierta-dio-la-bienvenida-a-nuevos-estudiantes-y-familias\/","title":{"rendered":"Casa Abierta dio la bienvenida a nuevos estudiantes y familias"},"content":{"rendered":"<p data-start=\"176\" data-end=\"389\">El mi\u00e9rcoles 17 de diciembre se realiz\u00f3 la Casa Abierta para las familias nuevas, una instancia de encuentro que permiti\u00f3 dar la bienvenida a quienes se integrar\u00e1n a nuestra comunidad educativa el pr\u00f3ximo a\u00f1o.<\/p>\n<p data-start=\"391\" data-end=\"713\">Durante la jornada, los nuevos estudiantes participaron de actividades en las salas de clases, donde pintaron, jugaron y compartieron, viviendo una primera aproximaci\u00f3n a la vida escolar. Adem\u00e1s, tuvieron la oportunidad de conocer a sus futuros profesores y profesoras, generando un espacio cercano y de confianza.<\/p>\n<p data-start=\"715\" data-end=\"948\">Las familias conocieron el trabajo que desarrollan los distintos departamentos, acerc\u00e1ndose al proyecto educativo y al sello ignaciano que orienta la formaci\u00f3n integral de nuestros estudiantes.<\/p>\n","protected":false},"excerpt":{"rendered":"<p>El mi\u00e9rcoles 17 de diciembre se realiz\u00f3 la Casa Abierta para las familias nuevas, una instancia de encuentro que permiti\u00f3 dar la bienvenida a quienes se integrar\u00e1n a nuestra comunidad educativa el pr\u00f3ximo a\u00f1o. Durante la jornada, los nuevos estudiantes participaron de actividades en las salas de clases, donde pintaron, jugaron y compartieron, viviendo una&hellip;<\/p>\n","protected":false},"author":1,"featured_media":10883,"comment_status":"closed","ping_status":"closed","sticky":false,"template":"","format":"standard","meta":[],"categories":[4],"tags":[],"_links":{"self":[{"href":"http:\/\/sanignacioconcepcion.cl\/sitio\/wp-json\/wp\/v2\/posts\/10882"}],"collection":[{"href":"http:\/\/sanignacioconcepcion.cl\/sitio\/wp-json\/wp\/v2\/posts"}],"about":[{"href":"http:\/\/sanignacioconcepcion.cl\/sitio\/wp-json\/wp\/v2\/types\/post"}],"author":[{"embeddable":true,"href":"http:\/\/sanignacioconcepcion.cl\/sitio\/wp-json\/wp\/v2\/users\/1"}],"replies":[{"embeddable":true,"href":"http:\/\/sanignacioconcepcion.cl\/sitio\/wp-json\/wp\/v2\/comments?post=10882"}],"version-history":[{"count":1,"href":"http:\/\/sanignacioconcepcion.cl\/sitio\/wp-json\/wp\/v2\/posts\/10882\/revisions"}],"predecessor-version":[{"id":10884,"href":"http:\/\/sanignacioconcepcion.cl\/sitio\/wp-json\/wp\/v2\/posts\/10882\/revisions\/10884"}],"wp:featuredmedia":[{"embeddable":true,"href":"http:\/\/sanignacioconcepcion.cl\/sitio\/wp-json\/wp\/v2\/media\/10883"}],"wp:attachment":[{"href":"http:\/\/sanignacioconcepcion.cl\/sitio\/wp-json\/wp\/v2\/media?parent=10882"}],"wp:term":[{"taxonomy":"category","embeddable":true,"href":"http:\/\/sanignacioconcepcion.cl\/sitio\/wp-json\/wp\/v2\/categories?post=10882"},{"taxonomy":"post_tag","embeddable":true,"href":"http:\/\/sanignacioconcepcion.cl\/sitio\/wp-json\/wp\/v2\/tags?post=10882"}],"curies":[{"name":"wp","href":"https:\/\/api.w.org\/{rel}","templated":true}]}}