{"id":10885,"date":"2025-12-18T16:05:07","date_gmt":"2025-12-18T19:05:07","guid":{"rendered":"https:\/\/sanignacioconcepcion.cl\/sitio\/?p=10885"},"modified":"2025-12-18T16:05:07","modified_gmt":"2025-12-18T19:05:07","slug":"atencion-ultimos-dias-de-matricula-para-rezagados","status":"publish","type":"post","link":"http:\/\/sanignacioconcepcion.cl\/sitio\/atencion-ultimos-dias-de-matricula-para-rezagados\/","title":{"rendered":"\u00a1Atenci\u00f3n! &#8211; \u00daltimos d\u00edas de matr\u00edcula para rezagados"},"content":{"rendered":"<p data-start=\"92\" data-end=\"115\">Estimadas familias:<\/p>\n<p data-start=\"117\" data-end=\"223\">El lunes 22 y martes 23 de diciembre son los \u00faltimos d\u00edas de matr\u00edcula para estudiantes rezagados.<\/p>\n<p data-start=\"225\" data-end=\"465\">Les recordamos que, si no se matriculan en la fecha establecida en el Sistema de Admisi\u00f3n Escolar (SAE), pierden la vacante asignada, la cual queda disponible para otros estudiantes durante el per\u00edodo de regularizaci\u00f3n o complementario.<\/p>\n<p data-start=\"467\" data-end=\"681\">Por ello, es fundamental realizar la matr\u00edcula dentro de los plazos establecidos o participar activamente en los per\u00edodos complementarios, ya que, de no hacerlo, podr\u00edan quedar sin establecimiento asignado.<\/p>\n<p data-start=\"683\" data-end=\"813\">Llamamos a las familias a informarse y realizar este tr\u00e1mite dentro de los plazos indicados para asegurar el cupo correspondiente.<\/p>\n<p><strong>IMPORTANTE:<\/strong><\/p>\n<p>Antes de asistir, recuerda descargar y llevar todos los documentos obligatorios:<\/p>\n<p class=\"skrollable skrollable-between\" data-start=\"182\" data-end=\"441\"><a href=\"https:\/\/sanignacioconcepcion.cl\/docs\/ficha_salud_2026.pdf\"><strong class=\"skrollable skrollable-between\" data-start=\"263\" data-end=\"296\">Descargar Ficha de Salud del Estudiante<\/strong><\/a><\/p>\n<p class=\"skrollable skrollable-between\" data-start=\"182\" data-end=\"441\"><a href=\"https:\/\/sanignacioconcepcion.cl\/docs\/certificado_cheques_2026.pdf\"><strong class=\"skrollable skrollable-between\" data-start=\"302\" data-end=\"328\">Descargar Certificado de Cheques<\/strong><\/a><\/p>\n<p class=\"skrollable skrollable-between\" data-start=\"182\" data-end=\"441\"><a href=\"https:\/\/sanignacioconcepcion.cl\/admin\/pagare\/\"><strong>Generar pagar\u00e9<\/strong><\/a><\/p>\n<p>Adem\u00e1s, los alumnos prioritarios deben traer el Certificado de alumno prioritario:\u00a0<a href=\"https:\/\/certificados.mineduc.cl\/mvc\/home\/index\" target=\"_blank\" rel=\"noopener\" data-saferedirecturl=\"https:\/\/www.google.com\/url?q=https:\/\/certificados.mineduc.cl\/mvc\/home\/index&amp;source=gmail&amp;ust=1765022664030000&amp;usg=AOvVaw2fu339A7_QJIxAwFW-EPLI\">https:\/\/certificados.mineduc.<wbr \/>cl\/mvc\/home\/index<\/a><\/p>\n<p><strong>Requisitos para matricular:<\/strong><\/p>\n<ul>\n<li>Arancel 2025 al d\u00eda.<\/li>\n<li>Sin libros pendientes de devoluci\u00f3n en Biblioteca.<\/li>\n<\/ul>\n<p><strong>Arancel anual 2026:<\/strong>\u00a0$1.520.000<\/p>\n<p><strong>Formas de pago:\u00a0<\/strong>Transbank (cr\u00e9dito \/ d\u00e9bito), Cheque, Pagar\u00e9<\/p>\n<p>Para dudas y consultas, escr\u00edbenos a\u00a0<strong><a rel=\"noopener\">&#109;&#x61;&#116;&#x72;&#105;&#x63;&#117;&#x6c;&#97;&#x73;&#64;&#x63;&#111;&#x6c;&#101;&#x67;&#105;&#x6f;&#115;&#x69;&#99;&#x2e;&#99;&#x6c;<\/a><\/strong><\/p>\n<p data-start=\"683\" data-end=\"813\">\n","protected":false},"excerpt":{"rendered":"<p>Estimadas familias: El lunes 22 y martes 23 de diciembre son los \u00faltimos d\u00edas de matr\u00edcula para estudiantes rezagados. Les recordamos que, si no se matriculan en la fecha establecida en el Sistema de Admisi\u00f3n Escolar (SAE), pierden la vacante asignada, la cual queda disponible para otros estudiantes durante el per\u00edodo de regularizaci\u00f3n o complementario.&hellip;<\/p>\n","protected":false},"author":1,"featured_media":0,"comment_status":"closed","ping_status":"closed","sticky":false,"template":"","format":"standard","meta":[],"categories":[3],"tags":[],"_links":{"self":[{"href":"http:\/\/sanignacioconcepcion.cl\/sitio\/wp-json\/wp\/v2\/posts\/10885"}],"collection":[{"href":"http:\/\/sanignacioconcepcion.cl\/sitio\/wp-json\/wp\/v2\/posts"}],"about":[{"href":"http:\/\/sanignacioconcepcion.cl\/sitio\/wp-json\/wp\/v2\/types\/post"}],"author":[{"embeddable":true,"href":"http:\/\/sanignacioconcepcion.cl\/sitio\/wp-json\/wp\/v2\/users\/1"}],"replies":[{"embeddable":true,"href":"http:\/\/sanignacioconcepcion.cl\/sitio\/wp-json\/wp\/v2\/comments?post=10885"}],"version-history":[{"count":1,"href":"http:\/\/sanignacioconcepcion.cl\/sitio\/wp-json\/wp\/v2\/posts\/10885\/revisions"}],"predecessor-version":[{"id":10886,"href":"http:\/\/sanignacioconcepcion.cl\/sitio\/wp-json\/wp\/v2\/posts\/10885\/revisions\/10886"}],"wp:attachment":[{"href":"http:\/\/sanignacioconcepcion.cl\/sitio\/wp-json\/wp\/v2\/media?parent=10885"}],"wp:term":[{"taxonomy":"category","embeddable":true,"href":"http:\/\/sanignacioconcepcion.cl\/sitio\/wp-json\/wp\/v2\/categories?post=10885"},{"taxonomy":"post_tag","embeddable":true,"href":"http:\/\/sanignacioconcepcion.cl\/sitio\/wp-json\/wp\/v2\/tags?post=10885"}],"curies":[{"name":"wp","href":"https:\/\/api.w.org\/{rel}","templated":true}]}}