{"id":10891,"date":"2025-12-23T09:22:11","date_gmt":"2025-12-23T12:22:11","guid":{"rendered":"https:\/\/sanignacioconcepcion.cl\/sitio\/?p=10891"},"modified":"2025-12-23T09:22:11","modified_gmt":"2025-12-23T12:22:11","slug":"proceso-de-renovacion-y-postulacion-de-becas-y-programas-de-residencia-junaeb-2025-2026","status":"publish","type":"post","link":"http:\/\/sanignacioconcepcion.cl\/sitio\/proceso-de-renovacion-y-postulacion-de-becas-y-programas-de-residencia-junaeb-2025-2026\/","title":{"rendered":"Proceso de \u00abRenovaci\u00f3n y Postulaci\u00f3n de Becas y Programas de Residencia Junaeb 2025-2026\u00bb"},"content":{"rendered":"<div><span style=\"color: #073763; font-family: tahoma, sans-serif;\">Estimado\u00a0 apoderado\/a<\/span><\/div>\n<div><span style=\"color: #073763; font-family: tahoma, sans-serif;\">Junto\u00a0 con\u00a0 saludarles,\u00a0 informamos\u00a0 que\u00a0 se\u00a0 encuentra\u00a0 disponible\u00a0\u00a0informaci\u00f3n relevante en el marco del Proceso de\u00a0<strong>\u00abRenovaci\u00f3n y Postulaci\u00f3n de Becas y Programas de Residencia Junaeb 2025-2026\u00bb.<\/strong><\/span><\/div>\n<div>\n<table role=\"presentation\" border=\"0\" width=\"100%\" cellspacing=\"0\" cellpadding=\"0\">\n<tbody>\n<tr>\n<td>\n<div>\n<div>\n<ol>\n<li><span style=\"color: #073763; font-family: tahoma, sans-serif;\">El plazo general es a partir del\u00a0<strong>1 de diciembre de 2025 hasta el 31 de enero de 2026<\/strong>.<\/span><\/li>\n<li><span style=\"color: #073763; font-family: tahoma, sans-serif;\"><u>La\u00a0<strong>Beca Pr\u00e1ctica T\u00e9cnico Profesional<\/strong>\u00a0<\/u>cuenta con dos per\u00edodos espec\u00edficos de postulaci\u00f3n, los que detallamos a continuaci\u00f3n:<\/span><\/li>\n<\/ol>\n<p><span style=\"color: #073763; font-family: tahoma, sans-serif;\">\u00a0 \u00a0 \u00a0 \u00a0 \u00a0&#8211; Primer plazo: A partir del\u00a0<strong>01-12-2025<\/strong>\u00a0hasta el\u00a0<strong>13-03-2026<\/strong>.<\/span><\/p>\n<p><span style=\"color: #073763; font-family: tahoma, sans-serif;\">\u00a0 \u00a0 \u00a0 \u00a0 \u00a0&#8211; Segundo plazo: A partir del\u00a0<strong>15-06-2026<\/strong>\u00a0hasta el\u00a0<strong>16-09-2026<\/strong>.<\/span><\/p>\n<\/div>\n<\/div>\n<\/td>\n<\/tr>\n<\/tbody>\n<\/table>\n<table role=\"presentation\" border=\"0\" width=\"100%\" cellspacing=\"0\" cellpadding=\"10\">\n<tbody>\n<tr>\n<td>\n<div>\n<div>\n<p><span style=\"color: #073763; font-family: tahoma, sans-serif;\">\u00a0 \u00a0 3. El quinto d\u00eda h\u00e1bil de marzo se entregar\u00e1 el resultado de renovantes de educaci\u00f3n superior. Para los programas de residencia, se entrega resultado de postulantes y renovantes.<\/span><\/p>\n<p><span style=\"color: #073763; font-family: tahoma, sans-serif;\">\u00a0 \u00a0 4.<b>\u00a0\u00a0<u>La beca presidente\u00a0 de la\u00a0<\/u><\/b><u><b>Republica<\/b>:\u00a0<\/u>El proceso para optar por primera vez a la beca Presidente de la Rep\u00fablica (BPR) tendr\u00e1 un plazo distinto, que ser\u00e1 informado por Junaeb dentro de 2026. El estudiantado Renovante de esta beca, debe realizar su solicitud dentro del plazo general informado en el punto N\u00b01.\u00a0\u00a0(<strong>1 de diciembre de 2025 hasta el 31 de enero de 2026.)<\/strong><\/span><\/p>\n<p><span style=\"color: #073763; font-family: tahoma, sans-serif;\">La postulaci\u00f3n a\u00a0 estos beneficios la pueden\u00a0 hacer los interesados en la plataforma de Junaeb, siempre y\u00a0 cuando\u00a0 cumplan\u00a0 con los\u00a0 requisitos que\u00a0 exija cada beneficio.\u00a0<span style=\"font-size: large;\">El link\u00a0 para postular o\u00a0 renovar\u00a0 es el\u00a0 siguiente:\u00a0<a href=\"https:\/\/www.junaeb.cl\/becas-junaeb\/\" target=\"_blank\" rel=\"noopener\" data-saferedirecturl=\"https:\/\/www.google.com\/url?q=https:\/\/www.junaeb.cl\/becas-junaeb\/&amp;source=gmail&amp;ust=1766578172106000&amp;usg=AOvVaw0Q-2jPPecbyrVt4kX4ZG0Z\">https:\/\/www.junaeb.<wbr \/>cl\/becas-junaeb\/<\/a><\/span><\/span><\/p>\n<p><span style=\"color: #073763;\"><span style=\"font-size: large;\">Comparto\u00a0 link de\u00a0 video\u00a0 explicativo del proceso\u00a0<a href=\"https:\/\/youtu.be\/9Du0CyUV7qw\" target=\"_blank\" rel=\"noopener\" data-saferedirecturl=\"https:\/\/www.google.com\/url?q=https:\/\/youtu.be\/9Du0CyUV7qw&amp;source=gmail&amp;ust=1766578172106000&amp;usg=AOvVaw0b5hkyej0kpX0zejWgwkdt\">https:\/\/youtu.be\/<wbr \/>9Du0CyUV7qw<\/a><\/span><\/span><\/p>\n<p><span style=\"color: #073763; font-family: tahoma, sans-serif;\">&gt; En relaci\u00f3n a la<u>\u00a0Plataforma \u00abPortal de Renovaci\u00f3n y\/o Postulaci\u00f3n de Becas y Programas de Residencias\u00bb,<\/u>\u00a0nos complace compartir las siguientes mejoras:\u00a0<\/span><\/p>\n<ol>\n<li><span style=\"color: #073763; font-family: tahoma, sans-serif;\"><strong>Comprobante de renovaci\u00f3n\/postulaci\u00f3n<\/strong>, El Comprobante ser\u00e1 enviado al correo del estudiante siempre que haya concluido el proceso de renovaci\u00f3n y\/o postulaci\u00f3n. Es importante que se corrobore la recepci\u00f3n del comprobante para garantizar que la solicitud qued\u00f3 correctamente realizada.<\/span><\/li>\n<li><span style=\"color: #073763; font-family: tahoma, sans-serif;\"><strong>M\u00f3dulo de carga de documentos<\/strong>, en caso de que se requiera, los\/as estudiantes podr\u00e1 cargar documentos. La plataforma generar\u00e1 autom\u00e1ticamente un comprobante de los documentos que ha cargado el estudiante, el cual ser\u00e1 enviado tambi\u00e9n al correo electr\u00f3nico registrado.\u00a0<\/span><\/li>\n<li><span style=\"color: #073763; font-family: tahoma, sans-serif;\"><strong>Inclusi\u00f3n de preguntas gu\u00eda<\/strong>, esta mejora permite orientar a las y los estudiantes en funci\u00f3n de los programas de residencias (BRI-BRINS-HJ-PRFE). El estudiantado podr\u00e1 identificar el tipo de beneficio al que corresponde su renovaci\u00f3n\/postulaci\u00f3n, diferenciando entre:<\/span><\/li>\n<\/ol>\n<p><span style=\"color: #073763; font-family: tahoma, sans-serif;\">\u00a0 \u00a0 \u00a0 \u00a0 \u00a0 \u00a0 \u00a0a) Aporte monetario para arriendo de pieza, vivienda o pensi\u00f3n.<\/span><\/p>\n<p><span style=\"color: #073763; font-family: tahoma, sans-serif;\">\u00a0 \u00a0 \u00a0 \u00a0 \u00a0 b) Residencias que entregan alojamiento y alimentaci\u00f3n, incluyendo la modalidad de hogares de familias tutoras para estudiantes\u00a0 \u00a0 \u00a0 \u00a0 \u00a0 \u00a0 \u00a0 \u00a0 \u00a0 \u00a0 \u00a0 \u00a0que deben trasladarse desde zonas rurales o urbanas<\/span><\/p>\n<p><span style=\"color: #073763; font-family: tahoma, sans-serif;\">\u00a0<\/span><\/p>\n<p><span style=\"color: #073763; font-family: tahoma, sans-serif;\">Estos avances, permitir\u00e1n una coordinaci\u00f3n eficiente en las distintas etapas del proceso de acceso a las becas y programas de residencias, garantizando as\u00ed el cumplimiento de los plazos establecidos.<\/span><\/p>\n<\/div>\n<\/div>\n<\/td>\n<\/tr>\n<\/tbody>\n<\/table>\n<table role=\"presentation\" border=\"0\" width=\"100%\" cellspacing=\"0\" cellpadding=\"10\">\n<tbody>\n<tr>\n<td>\n<div>\n<p><span style=\"color: #073763;\"><span style=\"font-family: tahoma, sans-serif;\">Sin otro particular, s<\/span>e despide atentamente,<\/span><\/p>\n<\/div>\n<p>Gloria Campos<\/p>\n<p>Trabajadora Social<\/p>\n<p>Colegio San Ignacio Concepci\u00f3n<\/td>\n<\/tr>\n<\/tbody>\n<\/table>\n<\/div>\n","protected":false},"excerpt":{"rendered":"<p>Estimado\u00a0 apoderado\/a Junto\u00a0 con\u00a0 saludarles,\u00a0 informamos\u00a0 que\u00a0 se\u00a0 encuentra\u00a0 disponible\u00a0\u00a0informaci\u00f3n relevante en el marco del Proceso de\u00a0\u00abRenovaci\u00f3n y Postulaci\u00f3n de Becas y Programas de Residencia Junaeb 2025-2026\u00bb. El plazo general es a partir del\u00a01 de diciembre de 2025 hasta el 31 de enero de 2026. La\u00a0Beca Pr\u00e1ctica T\u00e9cnico Profesional\u00a0cuenta con dos per\u00edodos espec\u00edficos de postulaci\u00f3n,&hellip;<\/p>\n","protected":false},"author":1,"featured_media":0,"comment_status":"closed","ping_status":"closed","sticky":false,"template":"","format":"standard","meta":[],"categories":[3],"tags":[],"_links":{"self":[{"href":"http:\/\/sanignacioconcepcion.cl\/sitio\/wp-json\/wp\/v2\/posts\/10891"}],"collection":[{"href":"http:\/\/sanignacioconcepcion.cl\/sitio\/wp-json\/wp\/v2\/posts"}],"about":[{"href":"http:\/\/sanignacioconcepcion.cl\/sitio\/wp-json\/wp\/v2\/types\/post"}],"author":[{"embeddable":true,"href":"http:\/\/sanignacioconcepcion.cl\/sitio\/wp-json\/wp\/v2\/users\/1"}],"replies":[{"embeddable":true,"href":"http:\/\/sanignacioconcepcion.cl\/sitio\/wp-json\/wp\/v2\/comments?post=10891"}],"version-history":[{"count":1,"href":"http:\/\/sanignacioconcepcion.cl\/sitio\/wp-json\/wp\/v2\/posts\/10891\/revisions"}],"predecessor-version":[{"id":10892,"href":"http:\/\/sanignacioconcepcion.cl\/sitio\/wp-json\/wp\/v2\/posts\/10891\/revisions\/10892"}],"wp:attachment":[{"href":"http:\/\/sanignacioconcepcion.cl\/sitio\/wp-json\/wp\/v2\/media?parent=10891"}],"wp:term":[{"taxonomy":"category","embeddable":true,"href":"http:\/\/sanignacioconcepcion.cl\/sitio\/wp-json\/wp\/v2\/categories?post=10891"},{"taxonomy":"post_tag","embeddable":true,"href":"http:\/\/sanignacioconcepcion.cl\/sitio\/wp-json\/wp\/v2\/tags?post=10891"}],"curies":[{"name":"wp","href":"https:\/\/api.w.org\/{rel}","templated":true}]}}