{"id":10893,"date":"2025-12-23T10:17:34","date_gmt":"2025-12-23T13:17:34","guid":{"rendered":"https:\/\/sanignacioconcepcion.cl\/sitio\/?p=10893"},"modified":"2025-12-23T10:17:34","modified_gmt":"2025-12-23T13:17:34","slug":"estudiante-de-8-basico-es-reconocido-por-el-instituto-nacional-de-deporte","status":"publish","type":"post","link":"http:\/\/sanignacioconcepcion.cl\/sitio\/estudiante-de-8-basico-es-reconocido-por-el-instituto-nacional-de-deporte\/","title":{"rendered":"Estudiante de 8\u00b0 B\u00e1sico es reconocido por el Instituto Nacional de Deporte"},"content":{"rendered":"<p data-start=\"243\" data-end=\"483\">El estudiante Basti\u00e1n Alarc\u00f3n, de 8\u00b0 B\u00e1sico C, fue reconocido por el <span class=\"hover:entity-accent entity-underline inline cursor-pointer align-baseline\"><span class=\"whitespace-normal\">Instituto Nacional de Deportes<\/span><\/span> (IND) por su destacado desempe\u00f1o en la disciplina de futsal, en el marco de los Juegos Deportivos Escolares 2025.<\/p>\n<p data-start=\"485\" data-end=\"827\">Representando al Colegio San Ignacio en la categor\u00eda Sub-14, el equipo obtuvo el campeonato regional, instancia en la que Basti\u00e1n fue distinguido como mejor jugador del torneo. Este logro permiti\u00f3 que nuestro establecimiento clasificara a la Final Nacional de los JDE 2025, alcanzando un quinto lugar a nivel nacional.<\/p>\n<p data-start=\"829\" data-end=\"1055\">A lo largo del proceso competitivo, Basti\u00e1n se destac\u00f3 por su liderazgo, compromiso y esp\u00edritu de compa\u00f1erismo, reflejando los valores institucionales y el sentido de pertenencia que caracterizan a nuestra comunidad educativa.<\/p>\n<p data-start=\"1057\" data-end=\"1154\">Felicitamos a Basti\u00e1n por este importante reconocimiento, que llena de orgullo a nuestro colegio.<\/p>\n","protected":false},"excerpt":{"rendered":"<p>El estudiante Basti\u00e1n Alarc\u00f3n, de 8\u00b0 B\u00e1sico C, fue reconocido por el Instituto Nacional de Deportes (IND) por su destacado desempe\u00f1o en la disciplina de futsal, en el marco de los Juegos Deportivos Escolares 2025. Representando al Colegio San Ignacio en la categor\u00eda Sub-14, el equipo obtuvo el campeonato regional, instancia en la que Basti\u00e1n&hellip;<\/p>\n","protected":false},"author":1,"featured_media":10894,"comment_status":"closed","ping_status":"closed","sticky":false,"template":"","format":"standard","meta":[],"categories":[4],"tags":[],"_links":{"self":[{"href":"http:\/\/sanignacioconcepcion.cl\/sitio\/wp-json\/wp\/v2\/posts\/10893"}],"collection":[{"href":"http:\/\/sanignacioconcepcion.cl\/sitio\/wp-json\/wp\/v2\/posts"}],"about":[{"href":"http:\/\/sanignacioconcepcion.cl\/sitio\/wp-json\/wp\/v2\/types\/post"}],"author":[{"embeddable":true,"href":"http:\/\/sanignacioconcepcion.cl\/sitio\/wp-json\/wp\/v2\/users\/1"}],"replies":[{"embeddable":true,"href":"http:\/\/sanignacioconcepcion.cl\/sitio\/wp-json\/wp\/v2\/comments?post=10893"}],"version-history":[{"count":1,"href":"http:\/\/sanignacioconcepcion.cl\/sitio\/wp-json\/wp\/v2\/posts\/10893\/revisions"}],"predecessor-version":[{"id":10895,"href":"http:\/\/sanignacioconcepcion.cl\/sitio\/wp-json\/wp\/v2\/posts\/10893\/revisions\/10895"}],"wp:featuredmedia":[{"embeddable":true,"href":"http:\/\/sanignacioconcepcion.cl\/sitio\/wp-json\/wp\/v2\/media\/10894"}],"wp:attachment":[{"href":"http:\/\/sanignacioconcepcion.cl\/sitio\/wp-json\/wp\/v2\/media?parent=10893"}],"wp:term":[{"taxonomy":"category","embeddable":true,"href":"http:\/\/sanignacioconcepcion.cl\/sitio\/wp-json\/wp\/v2\/categories?post=10893"},{"taxonomy":"post_tag","embeddable":true,"href":"http:\/\/sanignacioconcepcion.cl\/sitio\/wp-json\/wp\/v2\/tags?post=10893"}],"curies":[{"name":"wp","href":"https:\/\/api.w.org\/{rel}","templated":true}]}}