{"id":10897,"date":"2025-12-26T10:50:17","date_gmt":"2025-12-26T13:50:17","guid":{"rendered":"https:\/\/sanignacioconcepcion.cl\/sitio\/?p=10897"},"modified":"2025-12-26T10:50:17","modified_gmt":"2025-12-26T13:50:17","slug":"equipo-de-prebasica-reflexiona-sobre-avances-y-desafios-2026","status":"publish","type":"post","link":"http:\/\/sanignacioconcepcion.cl\/sitio\/equipo-de-prebasica-reflexiona-sobre-avances-y-desafios-2026\/","title":{"rendered":"Equipo de Preb\u00e1sica reflexiona sobre avances y desaf\u00edos 2026"},"content":{"rendered":"<div class=\"relative basis-auto flex-col -mb-(--composer-overlap-px) [--composer-overlap-px:28px] grow flex\">\n<div class=\"flex flex-col text-sm pb-25\">\n<article class=\"text-token-text-primary w-full focus:outline-none [--shadow-height:45px] has-data-writing-block:pointer-events-none has-data-writing-block:-mt-(--shadow-height) has-data-writing-block:pt-(--shadow-height) [&amp;:has([data-writing-block])&gt;*]:pointer-events-auto scroll-mt-[calc(var(--header-height)+min(200px,max(70px,20svh)))]\" dir=\"auto\" tabindex=\"-1\" data-turn-id=\"request-WEB:1138d5f4-21ae-49b9-b382-79a4d2295e61-3\" data-testid=\"conversation-turn-8\" data-scroll-anchor=\"true\" data-turn=\"assistant\">\n<div class=\"text-base my-auto mx-auto pb-10 [--thread-content-margin:--spacing(4)] @w-sm\/main:[--thread-content-margin:--spacing(6)] @w-lg\/main:[--thread-content-margin:--spacing(16)] px-(--thread-content-margin)\">\n<div class=\"[--thread-content-max-width:40rem] @w-lg\/main:[--thread-content-max-width:48rem] mx-auto max-w-(--thread-content-max-width) flex-1 group\/turn-messages focus-visible:outline-hidden relative flex w-full min-w-0 flex-col agent-turn\" tabindex=\"-1\">\n<div class=\"flex max-w-full flex-col grow\">\n<div class=\"min-h-8 text-message relative flex w-full flex-col items-end gap-2 text-start break-words whitespace-normal [.text-message+&amp;]:mt-1\" dir=\"auto\" data-message-author-role=\"assistant\" data-message-id=\"225f4f5d-a36f-4e0e-a245-7ba297f88c54\" data-message-model-slug=\"gpt-5-2\">\n<div class=\"flex w-full flex-col gap-1 empty:hidden first:pt-[1px]\">\n<div class=\"markdown prose dark:prose-invert w-full break-words light markdown-new-styling\">\n<p data-start=\"228\" data-end=\"511\">Con el prop\u00f3sito de seguir fortaleciendo los procesos educativos desde los primeros a\u00f1os, el equipo de Preb\u00e1sica de nuestro colegio particip\u00f3 recientemente en una jornada de trabajo y reflexi\u00f3n enfocada en la implementaci\u00f3n de la Jornada Escolar Completa (JEC).<\/p>\n<p data-start=\"513\" data-end=\"926\">La instancia tuvo como objetivo revisar los avances alcanzados, identificar fortalezas y analizar aquellos aspectos que pueden seguir mejorando, proyectando propuestas pedag\u00f3gicas y organizativas de cara al a\u00f1o escolar 2026.<\/p>\n<p data-start=\"928\" data-end=\"1222\">La jornada se desarroll\u00f3 en un ambiente cercano y participativo, favoreciendo el di\u00e1logo y la reflexi\u00f3n conjunta, y fue organizada por Direcci\u00f3n Acad\u00e9mica junto a la Direcci\u00f3n del Ciclo Loyola, reafirmando el compromiso institucional con la mejora continua y el trabajo colaborativo. <span style=\"color: #800000;\"><strong>ver fotos<\/strong><\/span><\/p>\n<\/div>\n<\/div>\n<\/div>\n<\/div>\n<\/div>\n<\/div>\n<\/article>\n<\/div>\n<\/div>\n","protected":false},"excerpt":{"rendered":"<p>Con el prop\u00f3sito de seguir fortaleciendo los procesos educativos desde los primeros a\u00f1os, el equipo de Preb\u00e1sica de nuestro colegio particip\u00f3 recientemente en una jornada de trabajo y reflexi\u00f3n enfocada en la implementaci\u00f3n de la Jornada Escolar Completa (JEC). La instancia tuvo como objetivo revisar los avances alcanzados, identificar fortalezas y analizar aquellos aspectos que&hellip;<\/p>\n","protected":false},"author":1,"featured_media":10898,"comment_status":"closed","ping_status":"closed","sticky":false,"template":"","format":"standard","meta":[],"categories":[4],"tags":[],"_links":{"self":[{"href":"http:\/\/sanignacioconcepcion.cl\/sitio\/wp-json\/wp\/v2\/posts\/10897"}],"collection":[{"href":"http:\/\/sanignacioconcepcion.cl\/sitio\/wp-json\/wp\/v2\/posts"}],"about":[{"href":"http:\/\/sanignacioconcepcion.cl\/sitio\/wp-json\/wp\/v2\/types\/post"}],"author":[{"embeddable":true,"href":"http:\/\/sanignacioconcepcion.cl\/sitio\/wp-json\/wp\/v2\/users\/1"}],"replies":[{"embeddable":true,"href":"http:\/\/sanignacioconcepcion.cl\/sitio\/wp-json\/wp\/v2\/comments?post=10897"}],"version-history":[{"count":1,"href":"http:\/\/sanignacioconcepcion.cl\/sitio\/wp-json\/wp\/v2\/posts\/10897\/revisions"}],"predecessor-version":[{"id":10899,"href":"http:\/\/sanignacioconcepcion.cl\/sitio\/wp-json\/wp\/v2\/posts\/10897\/revisions\/10899"}],"wp:featuredmedia":[{"embeddable":true,"href":"http:\/\/sanignacioconcepcion.cl\/sitio\/wp-json\/wp\/v2\/media\/10898"}],"wp:attachment":[{"href":"http:\/\/sanignacioconcepcion.cl\/sitio\/wp-json\/wp\/v2\/media?parent=10897"}],"wp:term":[{"taxonomy":"category","embeddable":true,"href":"http:\/\/sanignacioconcepcion.cl\/sitio\/wp-json\/wp\/v2\/categories?post=10897"},{"taxonomy":"post_tag","embeddable":true,"href":"http:\/\/sanignacioconcepcion.cl\/sitio\/wp-json\/wp\/v2\/tags?post=10897"}],"curies":[{"name":"wp","href":"https:\/\/api.w.org\/{rel}","templated":true}]}}