{"id":10900,"date":"2025-12-26T11:03:11","date_gmt":"2025-12-26T14:03:11","guid":{"rendered":"https:\/\/sanignacioconcepcion.cl\/sitio\/?p=10900"},"modified":"2025-12-26T11:05:59","modified_gmt":"2025-12-26T14:05:59","slug":"almuerzo-navideno-padam-2025-un-encuentro-de-comunidad-alegria-y-servicio","status":"publish","type":"post","link":"http:\/\/sanignacioconcepcion.cl\/sitio\/almuerzo-navideno-padam-2025-un-encuentro-de-comunidad-alegria-y-servicio\/","title":{"rendered":"Almuerzo Navide\u00f1o PADAM 2025: un encuentro de comunidad, alegr\u00eda y servicio"},"content":{"rendered":"<p data-start=\"176\" data-end=\"475\">El martes 23 de diciembre se realiz\u00f3 el tradicional Almuerzo Navide\u00f1o PADAM 2025, una significativa jornada de encuentro organizada por el <span class=\"hover:entity-accent entity-underline inline cursor-pointer align-baseline\"><span class=\"whitespace-normal\">Colegio San Ignacio de Concepci\u00f3n<\/span><\/span>, junto a usuarios y usuarias del <span class=\"hover:entity-accent entity-underline inline cursor-pointer align-baseline\"><span class=\"whitespace-normal\">Programa de Atenci\u00f3n Domiciliaria para Adultos Mayores (PADAM)<\/span><\/span> de Hualp\u00e9n, Penco y Concepci\u00f3n.<\/p>\n<p data-start=\"477\" data-end=\"755\">La actividad comenz\u00f3 en la capilla de nuestro colegio, donde los asistentes participaron de una din\u00e1mica simb\u00f3lica en la que cada persona arm\u00f3 su propio \u00e1rbol de Navidad, para luego vivir un momento de oraci\u00f3n y recogimiento, enmarcado en el esp\u00edritu propio de estas fechas.<\/p>\n<p data-start=\"757\" data-end=\"1057\">Posteriormente, el encuentro continu\u00f3 en el Gimnasio B, espacio que acogi\u00f3 el almuerzo comunitario. All\u00ed, usuarios, educadores y voluntarios compartieron la mesa, las conversaciones, las risas y la alegr\u00eda, acompa\u00f1ados de un espect\u00e1culo musical que llen\u00f3 la jornada de emoci\u00f3n y esp\u00edritu festivo.<\/p>\n<p data-start=\"1059\" data-end=\"1235\">Al finalizar la actividad, los adultos mayores se retiraron felices y agradecidos, con el coraz\u00f3n lleno del cari\u00f1o recibido y la certeza de haber sido escuchados y acompa\u00f1ados.<\/p>\n<p data-start=\"1237\" data-end=\"1601\">Esta actividad es un gesto concreto de servicio y compromiso con la comunidad, que busca aportar con un peque\u00f1o pero significativo granito de arena para que los adultos mayores se sientan valorados, acompa\u00f1ados y reconocidos. Desde el sello ignaciano, servir es tambi\u00e9n detenerse, escuchar y compartir la vida con otros, especialmente con quienes m\u00e1s lo necesitan. <a href=\"https:\/\/photos.app.goo.gl\/YPqocfCW93GRsHkPA\"><span style=\"color: #800000;\"><strong>Ver fotos<\/strong><\/span><\/a><\/p>\n","protected":false},"excerpt":{"rendered":"<p>El martes 23 de diciembre se realiz\u00f3 el tradicional Almuerzo Navide\u00f1o PADAM 2025, una significativa jornada de encuentro organizada por el Colegio San Ignacio de Concepci\u00f3n, junto a usuarios y usuarias del Programa de Atenci\u00f3n Domiciliaria para Adultos Mayores (PADAM) de Hualp\u00e9n, Penco y Concepci\u00f3n. La actividad comenz\u00f3 en la capilla de nuestro colegio, donde&hellip;<\/p>\n","protected":false},"author":1,"featured_media":10901,"comment_status":"closed","ping_status":"closed","sticky":false,"template":"","format":"standard","meta":[],"categories":[4],"tags":[],"_links":{"self":[{"href":"http:\/\/sanignacioconcepcion.cl\/sitio\/wp-json\/wp\/v2\/posts\/10900"}],"collection":[{"href":"http:\/\/sanignacioconcepcion.cl\/sitio\/wp-json\/wp\/v2\/posts"}],"about":[{"href":"http:\/\/sanignacioconcepcion.cl\/sitio\/wp-json\/wp\/v2\/types\/post"}],"author":[{"embeddable":true,"href":"http:\/\/sanignacioconcepcion.cl\/sitio\/wp-json\/wp\/v2\/users\/1"}],"replies":[{"embeddable":true,"href":"http:\/\/sanignacioconcepcion.cl\/sitio\/wp-json\/wp\/v2\/comments?post=10900"}],"version-history":[{"count":3,"href":"http:\/\/sanignacioconcepcion.cl\/sitio\/wp-json\/wp\/v2\/posts\/10900\/revisions"}],"predecessor-version":[{"id":10904,"href":"http:\/\/sanignacioconcepcion.cl\/sitio\/wp-json\/wp\/v2\/posts\/10900\/revisions\/10904"}],"wp:featuredmedia":[{"embeddable":true,"href":"http:\/\/sanignacioconcepcion.cl\/sitio\/wp-json\/wp\/v2\/media\/10901"}],"wp:attachment":[{"href":"http:\/\/sanignacioconcepcion.cl\/sitio\/wp-json\/wp\/v2\/media?parent=10900"}],"wp:term":[{"taxonomy":"category","embeddable":true,"href":"http:\/\/sanignacioconcepcion.cl\/sitio\/wp-json\/wp\/v2\/categories?post=10900"},{"taxonomy":"post_tag","embeddable":true,"href":"http:\/\/sanignacioconcepcion.cl\/sitio\/wp-json\/wp\/v2\/tags?post=10900"}],"curies":[{"name":"wp","href":"https:\/\/api.w.org\/{rel}","templated":true}]}}