{"id":10938,"date":"2026-01-12T16:16:48","date_gmt":"2026-01-12T19:16:48","guid":{"rendered":"https:\/\/sanignacioconcepcion.cl\/sitio\/?p=10938"},"modified":"2026-01-12T16:16:48","modified_gmt":"2026-01-12T19:16:48","slug":"servicio-encuentro-y-mision-cierre-de-los-trabajos-de-verano-2026","status":"publish","type":"post","link":"http:\/\/sanignacioconcepcion.cl\/sitio\/servicio-encuentro-y-mision-cierre-de-los-trabajos-de-verano-2026\/","title":{"rendered":"Servicio, encuentro y misi\u00f3n: cierre de los Trabajos de Verano 2026"},"content":{"rendered":"<p data-start=\"222\" data-end=\"564\">Entre el 3 y el 11 de enero se desarrollaron los Trabajos de Verano 2026 en el sector rural de Los Callejones, comuna de San Rosendo. Esta instancia formativa congreg\u00f3 a 26 estudiantes de IV Medio, generaci\u00f3n 2026, junto a 12 exalumnos y miembros del equipo pastoral, bajo la coordinaci\u00f3n de Valeria Labr\u00edn, encargada pastoral del ciclo Roma.<\/p>\n<p data-start=\"566\" data-end=\"1055\">La iniciativa tuvo como prop\u00f3sito vivir una experiencia de servicio que permita encarnar el Evangelio en la vida cotidiana. El trabajo se centr\u00f3 en la mejora y hermoseamiento de viviendas de adultos mayores del sector, entendiendo el servicio como un espacio de encuentro, cercan\u00eda y dignificaci\u00f3n del pr\u00f3jimo. Cada acci\u00f3n realizada busc\u00f3 fortalecer en los participantes la conciencia solidaria y el llamado a ser \u201chombres y mujeres para los dem\u00e1s\u201d, en coherencia con el ideario ignaciano.<\/p>\n<p data-start=\"1057\" data-end=\"1412\">Tras ocho d\u00edas de trabajo, la comunidad educativa dio por finalizada la experiencia el 11 de enero. Las jornadas permitieron a los estudiantes no solo aplicar esfuerzo y dedicaci\u00f3n, sino tambi\u00e9n establecer v\u00ednculos significativos con las familias visitadas, especialmente con personas mayores, quienes compartieron espacios de di\u00e1logo, escucha y gratitud.<\/p>\n<p data-start=\"1414\" data-end=\"1755\">El Colegio San Ignacio de Concepci\u00f3n agradece especialmente al Padre <strong data-start=\"1483\" data-end=\"1502\">Paul Thekkineth<\/strong>, p\u00e1rroco de San Rosendo, por su disposici\u00f3n y acompa\u00f1amiento; as\u00ed como a la <strong data-start=\"1579\" data-end=\"1607\">Parroquia de San Rosendo<\/strong> y a la <strong data-start=\"1615\" data-end=\"1647\">Municipalidad de San Rosendo<\/strong>, cuya acogida, apoyo log\u00edstico y colaboraci\u00f3n permanente hicieron posible el desarrollo de esta iniciativa.<\/p>\n<p data-start=\"1757\" data-end=\"2001\">Finalmente, expresamos nuestro reconocimiento a los estudiantes y exalumnos participantes por su compromiso, entrega y esp\u00edritu de servicio, que reflejan los valores institucionales y la misi\u00f3n educativa que promovemos como comunidad ignaciana.<\/p>\n","protected":false},"excerpt":{"rendered":"<p>Entre el 3 y el 11 de enero se desarrollaron los Trabajos de Verano 2026 en el sector rural de Los Callejones, comuna de San Rosendo. Esta instancia formativa congreg\u00f3 a 26 estudiantes de IV Medio, generaci\u00f3n 2026, junto a 12 exalumnos y miembros del equipo pastoral, bajo la coordinaci\u00f3n de Valeria Labr\u00edn, encargada pastoral&hellip;<\/p>\n","protected":false},"author":1,"featured_media":10939,"comment_status":"closed","ping_status":"closed","sticky":false,"template":"","format":"standard","meta":[],"categories":[4],"tags":[],"_links":{"self":[{"href":"http:\/\/sanignacioconcepcion.cl\/sitio\/wp-json\/wp\/v2\/posts\/10938"}],"collection":[{"href":"http:\/\/sanignacioconcepcion.cl\/sitio\/wp-json\/wp\/v2\/posts"}],"about":[{"href":"http:\/\/sanignacioconcepcion.cl\/sitio\/wp-json\/wp\/v2\/types\/post"}],"author":[{"embeddable":true,"href":"http:\/\/sanignacioconcepcion.cl\/sitio\/wp-json\/wp\/v2\/users\/1"}],"replies":[{"embeddable":true,"href":"http:\/\/sanignacioconcepcion.cl\/sitio\/wp-json\/wp\/v2\/comments?post=10938"}],"version-history":[{"count":1,"href":"http:\/\/sanignacioconcepcion.cl\/sitio\/wp-json\/wp\/v2\/posts\/10938\/revisions"}],"predecessor-version":[{"id":10940,"href":"http:\/\/sanignacioconcepcion.cl\/sitio\/wp-json\/wp\/v2\/posts\/10938\/revisions\/10940"}],"wp:featuredmedia":[{"embeddable":true,"href":"http:\/\/sanignacioconcepcion.cl\/sitio\/wp-json\/wp\/v2\/media\/10939"}],"wp:attachment":[{"href":"http:\/\/sanignacioconcepcion.cl\/sitio\/wp-json\/wp\/v2\/media?parent=10938"}],"wp:term":[{"taxonomy":"category","embeddable":true,"href":"http:\/\/sanignacioconcepcion.cl\/sitio\/wp-json\/wp\/v2\/categories?post=10938"},{"taxonomy":"post_tag","embeddable":true,"href":"http:\/\/sanignacioconcepcion.cl\/sitio\/wp-json\/wp\/v2\/tags?post=10938"}],"curies":[{"name":"wp","href":"https:\/\/api.w.org\/{rel}","templated":true}]}}