{"id":10949,"date":"2026-02-26T18:29:31","date_gmt":"2026-02-26T21:29:31","guid":{"rendered":"https:\/\/sanignacioconcepcion.cl\/sitio\/?p=10949"},"modified":"2026-02-26T18:29:31","modified_gmt":"2026-02-26T21:29:31","slug":"inicio-de-ano-escolar-2026","status":"publish","type":"post","link":"http:\/\/sanignacioconcepcion.cl\/sitio\/inicio-de-ano-escolar-2026\/","title":{"rendered":"Inicio de A\u00f1o Escolar 2026"},"content":{"rendered":"<p>Estimada comunidad educativa:<\/p>\n<div class=\"relative basis-auto flex-col -mb-(--composer-overlap-px) [--composer-overlap-px:28px] grow flex\">\n<div class=\"flex flex-col text-sm pb-25\">\n<article class=\"text-token-text-primary w-full focus:outline-none [--shadow-height:45px] has-data-writing-block:pointer-events-none has-data-writing-block:-mt-(--shadow-height) has-data-writing-block:pt-(--shadow-height) [&amp;:has([data-writing-block])&gt;*]:pointer-events-auto scroll-mt-[calc(var(--header-height)+min(200px,max(70px,20svh)))]\" dir=\"auto\" tabindex=\"-1\" data-turn-id=\"request-WEB:71960790-c659-4601-bc44-9a3f9eb7010f-0\" data-testid=\"conversation-turn-2\" data-scroll-anchor=\"true\" data-turn=\"assistant\">\n<div class=\"text-base my-auto mx-auto pb-10 [--thread-content-margin:--spacing(4)] @w-sm\/main:[--thread-content-margin:--spacing(6)] @w-lg\/main:[--thread-content-margin:--spacing(16)] px-(--thread-content-margin)\">\n<div class=\"[--thread-content-max-width:40rem] @w-lg\/main:[--thread-content-max-width:48rem] mx-auto max-w-(--thread-content-max-width) flex-1 group\/turn-messages focus-visible:outline-hidden relative flex w-full min-w-0 flex-col agent-turn\" tabindex=\"-1\">\n<div class=\"flex max-w-full flex-col grow\">\n<div class=\"min-h-8 text-message relative flex w-full flex-col items-end gap-2 text-start break-words whitespace-normal [.text-message+&amp;]:mt-1\" dir=\"auto\" data-message-author-role=\"assistant\" data-message-id=\"8b902d74-c205-40c7-9705-9f89d4290b52\" data-message-model-slug=\"gpt-5-2\">\n<div class=\"flex w-full flex-col gap-1 empty:hidden first:pt-[1px]\">\n<div class=\"markdown prose dark:prose-invert w-full wrap-break-word light markdown-new-styling\">\n<p data-start=\"239\" data-end=\"556\">Junto con saludarles cordialmente, informamos que el <strong data-start=\"292\" data-end=\"323\">inicio del a\u00f1o escolar 2026<\/strong>\u00a0 es el d\u00eda <strong data-start=\"375\" data-end=\"399\">mi\u00e9rcoles 4 de marzo<\/strong>, instancia en la que daremos la bienvenida a nuestras y nuestros estudiantes para comenzar un nuevo a\u00f1o de aprendizaje.<\/p>\n<p data-start=\"558\" data-end=\"686\">Durante los d\u00edas <strong data-start=\"575\" data-end=\"596\">4, 5 y 6 de marzo<\/strong>, las jornadas de clases se desarrollar\u00e1n en horario especial, seg\u00fan el siguiente detalle:<\/p>\n<p data-start=\"688\" data-end=\"766\"><strong data-start=\"688\" data-end=\"741\">Ciclo Loyola (Prek\u00ednder, K\u00ednder, 1\u00b0 y 2\u00b0 b\u00e1sico):<\/strong><br data-start=\"741\" data-end=\"744\" \/>\ud83d\udd57 08:00 a 12:35 horas<\/p>\n<p data-start=\"768\" data-end=\"848\"><strong data-start=\"768\" data-end=\"823\">Desde 3\u00b0 b\u00e1sico a 4\u00b0 medio (Ciclos Manresa y Roma):<\/strong><br data-start=\"823\" data-end=\"826\" \/>\ud83d\udd57 08:00 a 13:30 horas<\/p>\n<p data-start=\"850\" data-end=\"1028\">Estos primeros d\u00edas estar\u00e1n orientados a favorecer una adecuada adaptaci\u00f3n, el reencuentro entre estudiantes y equipos educativos, y la organizaci\u00f3n del inicio del a\u00f1o acad\u00e9mico.<\/p>\n<p data-start=\"1225\" data-end=\"1316\">Les deseamos un muy buen inicio de a\u00f1o y esperamos reencontrarnos prontamente en comunidad.<\/p>\n<\/div>\n<\/div>\n<\/div>\n<\/div>\n<div class=\"mt-3 w-full empty:hidden\">\n<div class=\"text-center\">\n<div><\/div>\n<\/div>\n<\/div>\n<\/div>\n<\/div>\n<\/article>\n<\/div>\n<\/div>\n<div id=\"thread-bottom-container\" class=\"sticky bottom-0 group\/thread-bottom-container relative isolate z-10 w-full basis-auto has-data-has-thread-error:pt-2 has-data-has-thread-error:[box-shadow:var(--sharp-edge-bottom-shadow)] md:border-transparent md:pt-0 dark:border-white\/20 md:dark:border-transparent print:hidden content-fade single-line flex flex-col\">\n<div id=\"thread-bottom\">\n<div class=\"text-base mx-auto [--thread-content-margin:--spacing(4)] @w-sm\/main:[--thread-content-margin:--spacing(6)] @w-lg\/main:[--thread-content-margin:--spacing(16)] px-(--thread-content-margin)\">\n<div class=\"[--thread-content-max-width:40rem] @w-lg\/main:[--thread-content-max-width:48rem] mx-auto max-w-(--thread-content-max-width) flex-1 mb-4\">\n<div class=\"pointer-events-auto relative z-1 flex h-(--composer-container-height,100%) max-w-full flex-(--composer-container-flex,1) flex-col\">\n<form class=\"group\/composer w-full\" data-type=\"unified-composer\" data-gtm-form-interact-id=\"0\">\n<div class=\"\">\n<div class=\"bg-token-bg-primary corner-superellipse\/1.1 cursor-text overflow-clip bg-clip-padding p-2.5 contain-inline-size motion-safe:transition-colors motion-safe:duration-200 motion-safe:ease-in-out dark:bg-[#303030] grid grid-cols-[auto_1fr_auto] [grid-template-areas:'header_header_header'_'leading_primary_trailing'_'._footer_.'] group-data-expanded\/composer:[grid-template-areas:'header_header_header'_'primary_primary_primary'_'leading_footer_trailing'] shadow-short\" data-composer-surface=\"true\">\n<div class=\"-my-2.5 flex min-h-14 items-center overflow-x-hidden px-1.5 [grid-area:primary] group-data-expanded\/composer:mb-0 group-data-expanded\/composer:px-2.5\">\n<div class=\"wcDTda_prosemirror-parent text-token-text-primary max-h-[max(30svh,5rem)] max-h-52 min-h-[var(--deep-research-composer-extra-height,unset)] flex-1 overflow-auto [scrollbar-width:thin] default-browser vertical-scroll-fade-mask\">\n<div id=\"prompt-textarea\" class=\"ProseMirror\" contenteditable=\"true\" translate=\"no\" data-virtualkeyboard=\"true\"><\/div>\n<\/div>\n<\/div>\n<\/div>\n<\/div>\n<\/form>\n<\/div>\n<\/div>\n<\/div>\n<\/div>\n<\/div>\n","protected":false},"excerpt":{"rendered":"<p>Estimada comunidad educativa: Junto con saludarles cordialmente, informamos que el inicio del a\u00f1o escolar 2026\u00a0 es el d\u00eda mi\u00e9rcoles 4 de marzo, instancia en la que daremos la bienvenida a nuestras y nuestros estudiantes para comenzar un nuevo a\u00f1o de aprendizaje. Durante los d\u00edas 4, 5 y 6 de marzo, las jornadas de clases se&hellip;<\/p>\n","protected":false},"author":1,"featured_media":0,"comment_status":"closed","ping_status":"closed","sticky":false,"template":"","format":"standard","meta":[],"categories":[3],"tags":[],"_links":{"self":[{"href":"http:\/\/sanignacioconcepcion.cl\/sitio\/wp-json\/wp\/v2\/posts\/10949"}],"collection":[{"href":"http:\/\/sanignacioconcepcion.cl\/sitio\/wp-json\/wp\/v2\/posts"}],"about":[{"href":"http:\/\/sanignacioconcepcion.cl\/sitio\/wp-json\/wp\/v2\/types\/post"}],"author":[{"embeddable":true,"href":"http:\/\/sanignacioconcepcion.cl\/sitio\/wp-json\/wp\/v2\/users\/1"}],"replies":[{"embeddable":true,"href":"http:\/\/sanignacioconcepcion.cl\/sitio\/wp-json\/wp\/v2\/comments?post=10949"}],"version-history":[{"count":1,"href":"http:\/\/sanignacioconcepcion.cl\/sitio\/wp-json\/wp\/v2\/posts\/10949\/revisions"}],"predecessor-version":[{"id":10950,"href":"http:\/\/sanignacioconcepcion.cl\/sitio\/wp-json\/wp\/v2\/posts\/10949\/revisions\/10950"}],"wp:attachment":[{"href":"http:\/\/sanignacioconcepcion.cl\/sitio\/wp-json\/wp\/v2\/media?parent=10949"}],"wp:term":[{"taxonomy":"category","embeddable":true,"href":"http:\/\/sanignacioconcepcion.cl\/sitio\/wp-json\/wp\/v2\/categories?post=10949"},{"taxonomy":"post_tag","embeddable":true,"href":"http:\/\/sanignacioconcepcion.cl\/sitio\/wp-json\/wp\/v2\/tags?post=10949"}],"curies":[{"name":"wp","href":"https:\/\/api.w.org\/{rel}","templated":true}]}}