{"id":10952,"date":"2026-02-27T13:55:46","date_gmt":"2026-02-27T16:55:46","guid":{"rendered":"https:\/\/sanignacioconcepcion.cl\/sitio\/?p=10952"},"modified":"2026-02-27T13:55:46","modified_gmt":"2026-02-27T16:55:46","slug":"informativo-regulacion-del-uso-de-dispositivos-moviles-en-establecimientos-educacionales","status":"publish","type":"post","link":"http:\/\/sanignacioconcepcion.cl\/sitio\/informativo-regulacion-del-uso-de-dispositivos-moviles-en-establecimientos-educacionales\/","title":{"rendered":"INFORMATIVO | Regulaci\u00f3n del uso de dispositivos m\u00f3viles en establecimientos educacionales"},"content":{"rendered":"<p>Para este a\u00f1o 2026, el Ministerio de Educaci\u00f3n ha establecido nuevas orientaciones sobre la <strong data-start=\"531\" data-end=\"602\">prohibici\u00f3n y regulaci\u00f3n del uso de dispositivos m\u00f3viles personales<\/strong> en los establecimientos educacionales, en el marco de la modificaci\u00f3n a la Ley General de Educaci\u00f3n.<\/p>\n<p>Estas orientaciones buscan fortalecer los procesos de aprendizaje, la convivencia educativa y el bienestar integral de ni\u00f1as, ni\u00f1os y j\u00f3venes, promoviendo un uso m\u00e1s responsable y formativo de la tecnolog\u00eda dentro del contexto escolar.<\/p>\n<p>El objetivo de esta normativa no es eliminar el valor educativo de la tecnolog\u00eda, sino ordenar su uso mediante criterios claros, resguardando espacios de aprendizaje, interacci\u00f3n y desarrollo socioemocional libres de distracciones digitales<\/p>\n<p data-start=\"1286\" data-end=\"1326\"><strong>\u00a0\u00bfQu\u00e9 establece la nueva normativa?<\/strong><\/p>\n<p>La ley contempla una <strong data-start=\"1349\" data-end=\"1415\">prohibici\u00f3n general del uso de dispositivos m\u00f3viles personales<\/strong>, especialmente durante el desarrollo de actividades curriculares dentro de la sala de clases.<\/p>\n<p data-start=\"1871\" data-end=\"1917\"><strong>Excepciones consideradas por la normativa<\/strong><\/p>\n<p>La regulaci\u00f3n reconoce situaciones espec\u00edficas en las que el uso de dispositivos m\u00f3viles puede autorizarse, entre ellas:<\/p>\n<ul data-start=\"2041\" data-end=\"2363\">\n<li data-start=\"2041\" data-end=\"2152\">Apoyo a estudiantes con necesidades educativas especiales, cuando el dispositivo funciona como ayuda t\u00e9cnica.<\/li>\n<li data-start=\"2153\" data-end=\"2211\">Situaciones de salud que requieren monitoreo permanente.<\/li>\n<li data-start=\"2212\" data-end=\"2253\">Emergencias o situaciones de seguridad.<\/li>\n<li data-start=\"2254\" data-end=\"2310\">Uso pedag\u00f3gico planificado y supervisado por docentes.<\/li>\n<li data-start=\"2311\" data-end=\"2363\">Razones fundadas de seguridad personal o familiar.<\/li>\n<\/ul>\n<p>Cada caso deber\u00e1 evaluarse de manera individual y contar con autorizaci\u00f3n formal del establecimiento, seg\u00fan lo establecido por la normativa.<\/p>\n<p>Durante las pr\u00f3ximas semanas se generar\u00e1n instancias de informaci\u00f3n y di\u00e1logo con la comunidad educativa, con el prop\u00f3sito de comprender el sentido de la normativa y avanzar juntos en su implementaci\u00f3n, en coherencia con nuestro Proyecto Educativo Institucional.<\/p>\n<p>Como comunidad educativa, asumimos este desaf\u00edo como una oportunidad para fortalecer ambientes de aprendizaje m\u00e1s saludables, favorecer el encuentro entre personas y acompa\u00f1ar el desarrollo integral de nuestros estudiantes.<\/p>\n<p>Para mayor informaci\u00f3n puedes ingrresar a <a href=\"https:\/\/modoaula.mineduc.gob.cl\/\">https:\/\/modoaula.mineduc.gob.cl\/<\/a><\/p>\n","protected":false},"excerpt":{"rendered":"<p>Para este a\u00f1o 2026, el Ministerio de Educaci\u00f3n ha establecido nuevas orientaciones sobre la prohibici\u00f3n y regulaci\u00f3n del uso de dispositivos m\u00f3viles personales en los establecimientos educacionales, en el marco de la modificaci\u00f3n a la Ley General de Educaci\u00f3n. Estas orientaciones buscan fortalecer los procesos de aprendizaje, la convivencia educativa y el bienestar integral de&hellip;<\/p>\n","protected":false},"author":1,"featured_media":0,"comment_status":"closed","ping_status":"closed","sticky":false,"template":"","format":"standard","meta":[],"categories":[3],"tags":[],"_links":{"self":[{"href":"http:\/\/sanignacioconcepcion.cl\/sitio\/wp-json\/wp\/v2\/posts\/10952"}],"collection":[{"href":"http:\/\/sanignacioconcepcion.cl\/sitio\/wp-json\/wp\/v2\/posts"}],"about":[{"href":"http:\/\/sanignacioconcepcion.cl\/sitio\/wp-json\/wp\/v2\/types\/post"}],"author":[{"embeddable":true,"href":"http:\/\/sanignacioconcepcion.cl\/sitio\/wp-json\/wp\/v2\/users\/1"}],"replies":[{"embeddable":true,"href":"http:\/\/sanignacioconcepcion.cl\/sitio\/wp-json\/wp\/v2\/comments?post=10952"}],"version-history":[{"count":2,"href":"http:\/\/sanignacioconcepcion.cl\/sitio\/wp-json\/wp\/v2\/posts\/10952\/revisions"}],"predecessor-version":[{"id":10954,"href":"http:\/\/sanignacioconcepcion.cl\/sitio\/wp-json\/wp\/v2\/posts\/10952\/revisions\/10954"}],"wp:attachment":[{"href":"http:\/\/sanignacioconcepcion.cl\/sitio\/wp-json\/wp\/v2\/media?parent=10952"}],"wp:term":[{"taxonomy":"category","embeddable":true,"href":"http:\/\/sanignacioconcepcion.cl\/sitio\/wp-json\/wp\/v2\/categories?post=10952"},{"taxonomy":"post_tag","embeddable":true,"href":"http:\/\/sanignacioconcepcion.cl\/sitio\/wp-json\/wp\/v2\/tags?post=10952"}],"curies":[{"name":"wp","href":"https:\/\/api.w.org\/{rel}","templated":true}]}}