{"id":11046,"date":"2026-03-04T09:57:38","date_gmt":"2026-03-04T12:57:38","guid":{"rendered":"https:\/\/sanignacioconcepcion.cl\/sitio\/?p=11046"},"modified":"2026-03-04T09:57:38","modified_gmt":"2026-03-04T12:57:38","slug":"educadores-participaron-en-la-misa-de-inicio-del-ano-escolar-2026","status":"publish","type":"post","link":"http:\/\/sanignacioconcepcion.cl\/sitio\/educadores-participaron-en-la-misa-de-inicio-del-ano-escolar-2026\/","title":{"rendered":"Educadores participaron en la Misa de inicio del A\u00f1o Escolar 2026"},"content":{"rendered":"<p data-start=\"204\" data-end=\"489\">En un ambiente de recogimiento y comunidad, este martes 3 de marzo los educadores de nuestro colegio\u00a0participaron en la Misa de inicio del A\u00f1o Escolar 2026, instancia que permiti\u00f3 poner este nuevo ciclo en manos de Dios y reencontrarnos como comunidad educativa.<\/p>\n<p data-start=\"491\" data-end=\"773\">La celebraci\u00f3n se realiz\u00f3 en la capilla del colegio y comenz\u00f3 con un gesto cargado de significado: los profesores jefes de cada curso llevaron una vela al altar como signo de sus estudiantes, representando as\u00ed a toda la comunidad.<\/p>\n<p data-start=\"934\" data-end=\"1209\">A trav\u00e9s de la oraci\u00f3n, el agradecimiento y la reflexi\u00f3n compartida, los educadores pudieron prepararse espiritualmente para el inicio de este nuevo a\u00f1o escolar, renovando el compromiso de acompa\u00f1ar y formar a sus estudiantes desde los valores de la espiritualidad ignaciana.<\/p>\n","protected":false},"excerpt":{"rendered":"<p>En un ambiente de recogimiento y comunidad, este martes 3 de marzo los educadores de nuestro colegio\u00a0participaron en la Misa de inicio del A\u00f1o Escolar 2026, instancia que permiti\u00f3 poner este nuevo ciclo en manos de Dios y reencontrarnos como comunidad educativa. La celebraci\u00f3n se realiz\u00f3 en la capilla del colegio y comenz\u00f3 con un&hellip;<\/p>\n","protected":false},"author":1,"featured_media":11047,"comment_status":"closed","ping_status":"closed","sticky":false,"template":"","format":"standard","meta":[],"categories":[4],"tags":[],"_links":{"self":[{"href":"http:\/\/sanignacioconcepcion.cl\/sitio\/wp-json\/wp\/v2\/posts\/11046"}],"collection":[{"href":"http:\/\/sanignacioconcepcion.cl\/sitio\/wp-json\/wp\/v2\/posts"}],"about":[{"href":"http:\/\/sanignacioconcepcion.cl\/sitio\/wp-json\/wp\/v2\/types\/post"}],"author":[{"embeddable":true,"href":"http:\/\/sanignacioconcepcion.cl\/sitio\/wp-json\/wp\/v2\/users\/1"}],"replies":[{"embeddable":true,"href":"http:\/\/sanignacioconcepcion.cl\/sitio\/wp-json\/wp\/v2\/comments?post=11046"}],"version-history":[{"count":1,"href":"http:\/\/sanignacioconcepcion.cl\/sitio\/wp-json\/wp\/v2\/posts\/11046\/revisions"}],"predecessor-version":[{"id":11048,"href":"http:\/\/sanignacioconcepcion.cl\/sitio\/wp-json\/wp\/v2\/posts\/11046\/revisions\/11048"}],"wp:featuredmedia":[{"embeddable":true,"href":"http:\/\/sanignacioconcepcion.cl\/sitio\/wp-json\/wp\/v2\/media\/11047"}],"wp:attachment":[{"href":"http:\/\/sanignacioconcepcion.cl\/sitio\/wp-json\/wp\/v2\/media?parent=11046"}],"wp:term":[{"taxonomy":"category","embeddable":true,"href":"http:\/\/sanignacioconcepcion.cl\/sitio\/wp-json\/wp\/v2\/categories?post=11046"},{"taxonomy":"post_tag","embeddable":true,"href":"http:\/\/sanignacioconcepcion.cl\/sitio\/wp-json\/wp\/v2\/tags?post=11046"}],"curies":[{"name":"wp","href":"https:\/\/api.w.org\/{rel}","templated":true}]}}