{"id":11049,"date":"2026-03-04T10:46:04","date_gmt":"2026-03-04T13:46:04","guid":{"rendered":"https:\/\/sanignacioconcepcion.cl\/sitio\/?p=11049"},"modified":"2026-03-04T10:51:11","modified_gmt":"2026-03-04T13:51:11","slug":"comenzo-el-ano-escolar-2026-en-el-sic","status":"publish","type":"post","link":"http:\/\/sanignacioconcepcion.cl\/sitio\/comenzo-el-ano-escolar-2026-en-el-sic\/","title":{"rendered":"\u00a1Comenz\u00f3 el A\u00f1o Escolar 2026 en el SIC!"},"content":{"rendered":"<p data-start=\"148\" data-end=\"355\">Este mi\u00e9rcoles 4 de marzo dimos inicio al A\u00f1o Escolar 2026, recibiendo a nuestros estudiantes en una jornada marcada por la alegr\u00eda, los reencuentros y la emoci\u00f3n de volver a encontrarnos como comunidad.<\/p>\n<p data-start=\"357\" data-end=\"588\">Desde temprano, ni\u00f1as, ni\u00f1os y j\u00f3venes llegaron al colegio acompa\u00f1ados por sus familias. Los patios y pasillos volvieron a llenarse de vida, marcando el inicio de un nuevo a\u00f1o de aprendizajes, experiencias y crecimiento compartido.<\/p>\n<p data-start=\"831\" data-end=\"1081\">Este primer d\u00eda tuvo un significado especial para quienes comienzan una nueva etapa en su vida escolar, particularmente las y los estudiantes de Prek\u00ednder, quienes iniciaron su camino en nuestra comunidad educativa acompa\u00f1ados por sus apoderados. Asimismo,\u00a0 para las y los estudiantes de IV Medio, quienes comienzan su \u00faltimo a\u00f1o en el colegio, etapa que estar\u00e1 marcada por desaf\u00edos, despedidas y la preparaci\u00f3n para nuevos caminos.<\/p>\n<p data-start=\"1321\" data-end=\"1537\">De esta manera, el Colegio San Ignacio inicia un nuevo a\u00f1o escolar con entusiasmo y esperanza, renovando su compromiso de seguir formando personas \u00edntegras al servicio de una sociedad m\u00e1s justa, solidaria y fraterna. <a href=\"https:\/\/photos.app.goo.gl\/UZsdiStvQButwrT5A\"><span style=\"color: #800000;\"><strong>Ver fotos<\/strong><\/span><\/a><\/p>\n","protected":false},"excerpt":{"rendered":"<p>Este mi\u00e9rcoles 4 de marzo dimos inicio al A\u00f1o Escolar 2026, recibiendo a nuestros estudiantes en una jornada marcada por la alegr\u00eda, los reencuentros y la emoci\u00f3n de volver a encontrarnos como comunidad. Desde temprano, ni\u00f1as, ni\u00f1os y j\u00f3venes llegaron al colegio acompa\u00f1ados por sus familias. Los patios y pasillos volvieron a llenarse de vida,&hellip;<\/p>\n","protected":false},"author":1,"featured_media":11050,"comment_status":"closed","ping_status":"closed","sticky":false,"template":"","format":"standard","meta":[],"categories":[4],"tags":[],"_links":{"self":[{"href":"http:\/\/sanignacioconcepcion.cl\/sitio\/wp-json\/wp\/v2\/posts\/11049"}],"collection":[{"href":"http:\/\/sanignacioconcepcion.cl\/sitio\/wp-json\/wp\/v2\/posts"}],"about":[{"href":"http:\/\/sanignacioconcepcion.cl\/sitio\/wp-json\/wp\/v2\/types\/post"}],"author":[{"embeddable":true,"href":"http:\/\/sanignacioconcepcion.cl\/sitio\/wp-json\/wp\/v2\/users\/1"}],"replies":[{"embeddable":true,"href":"http:\/\/sanignacioconcepcion.cl\/sitio\/wp-json\/wp\/v2\/comments?post=11049"}],"version-history":[{"count":3,"href":"http:\/\/sanignacioconcepcion.cl\/sitio\/wp-json\/wp\/v2\/posts\/11049\/revisions"}],"predecessor-version":[{"id":11053,"href":"http:\/\/sanignacioconcepcion.cl\/sitio\/wp-json\/wp\/v2\/posts\/11049\/revisions\/11053"}],"wp:featuredmedia":[{"embeddable":true,"href":"http:\/\/sanignacioconcepcion.cl\/sitio\/wp-json\/wp\/v2\/media\/11050"}],"wp:attachment":[{"href":"http:\/\/sanignacioconcepcion.cl\/sitio\/wp-json\/wp\/v2\/media?parent=11049"}],"wp:term":[{"taxonomy":"category","embeddable":true,"href":"http:\/\/sanignacioconcepcion.cl\/sitio\/wp-json\/wp\/v2\/categories?post=11049"},{"taxonomy":"post_tag","embeddable":true,"href":"http:\/\/sanignacioconcepcion.cl\/sitio\/wp-json\/wp\/v2\/tags?post=11049"}],"curies":[{"name":"wp","href":"https:\/\/api.w.org\/{rel}","templated":true}]}}