{"id":11135,"date":"2026-03-19T14:06:53","date_gmt":"2026-03-19T17:06:53","guid":{"rendered":"https:\/\/sanignacioconcepcion.cl\/sitio\/?p=11135"},"modified":"2026-03-19T14:06:53","modified_gmt":"2026-03-19T17:06:53","slug":"informacion-retiro-de-estudiantes-durante-la-jornada","status":"publish","type":"post","link":"http:\/\/sanignacioconcepcion.cl\/sitio\/informacion-retiro-de-estudiantes-durante-la-jornada\/","title":{"rendered":"INFORMACI\u00d3N | Retiro de estudiantes durante la jornada"},"content":{"rendered":"<p id=\"isPasted\" class=\"default\">Estimadas familias:<\/p>\n<p class=\"default\">Junto con saludar, recordamos a ustedes el procedimiento establecido para el retiro de estudiantes durante la jornada escolar, con el fin de resguardar la seguridad de nuestras y nuestros estudiantes y favorecer el adecuado desarrollo de las actividades acad\u00e9micas:<\/p>\n<p class=\"default\"><strong>1. Personas autorizadas para el retiro<\/strong><br \/>\nEl retiro s\u00f3lo podr\u00e1 ser realizado por el adulto responsable previamente designado y registrado en la base de datos del colegio.<\/p>\n<p class=\"default\"><strong>2. Horarios de retiro<\/strong><br \/>\nPara evitar interrupciones en las clases, los retiros se podr\u00e1n realizar 15 minutos antes o 15 minutos despu\u00e9s de cada recreo o horario de colaci\u00f3n, en los siguientes bloques:<\/p>\n<p class=\"default\"><strong>Ma\u00f1ana<\/strong><\/p>\n<p class=\"default\">09:30 \u2013 09:45 hrs.<\/p>\n<p class=\"default\">10:05 \u2013 10:20 hrs.<\/p>\n<p class=\"default\">11:20 \u2013 11:35 hrs.<\/p>\n<p class=\"default\">11:50 \u2013 12:05 hrs.<\/p>\n<p class=\"default\"><strong>HORARIO DE COLACI\u00d3N<\/strong><\/p>\n<p class=\"default\"><strong>Ciclo Loyola<\/strong><\/p>\n<ul>\n<li>\n<p class=\"default\">12:20 \u2013 12:35 hrs.<\/p>\n<\/li>\n<li>\n<p class=\"default\">13:20 \u2013 13:35 hrs.<\/p>\n<\/li>\n<\/ul>\n<p class=\"default\"><strong>Ciclos Manresa y Roma (3\u00ba a 8\u00ba b\u00e1sico)<\/strong><\/p>\n<ul>\n<li>\n<p class=\"default\">13:05 \u2013 13:20 hrs.<\/p>\n<\/li>\n<li>\n<p class=\"default\">14:05 \u2013 14:20 hrs.<\/p>\n<\/li>\n<\/ul>\n<p class=\"default\"><strong>Ciclo Roma (1\u00ba medio a 4\u00ba medio)<\/strong><\/p>\n<ul>\n<li>\n<p class=\"default\">14:00 \u2013 14:15 hrs.<\/p>\n<\/li>\n<li>\n<p class=\"default\">15:00 \u2013 15:15 hrs.<\/p>\n<\/li>\n<\/ul>\n<p class=\"default\"><strong>Horario tarde<\/strong><\/p>\n<p class=\"default\"><strong>Loyola y Manresa<\/strong><\/p>\n<p class=\"default\">14:35 \u2013 14:50 hrs.<\/p>\n<p class=\"default\"><strong>Roma<\/strong><\/p>\n<p class=\"default\">15:00 \u2013 15:15 hrs.<\/p>\n<p class=\"default\"><strong>3. Retiro de estudiantes de Ense\u00f1anza Media<\/strong><\/p>\n<p class=\"default\">En el caso de estudiantes de 1\u00ba medio a 4\u00ba medio, podr\u00e1n retirarse del establecimiento con autorizaci\u00f3n previa del apoderado, la que deber\u00e1 enviarse desde el correo institucional del apoderado a la directora de ciclo correspondiente, indicando los motivos del retiro y adjuntando la documentaci\u00f3n necesaria para autorizar la salida.<\/p>\n","protected":false},"excerpt":{"rendered":"<p>Estimadas familias: Junto con saludar, recordamos a ustedes el procedimiento establecido para el retiro de estudiantes durante la jornada escolar, con el fin de resguardar la seguridad de nuestras y nuestros estudiantes y favorecer el adecuado desarrollo de las actividades acad\u00e9micas: 1. Personas autorizadas para el retiro El retiro s\u00f3lo podr\u00e1 ser realizado por el&hellip;<\/p>\n","protected":false},"author":1,"featured_media":0,"comment_status":"closed","ping_status":"closed","sticky":false,"template":"","format":"standard","meta":[],"categories":[3],"tags":[],"_links":{"self":[{"href":"http:\/\/sanignacioconcepcion.cl\/sitio\/wp-json\/wp\/v2\/posts\/11135"}],"collection":[{"href":"http:\/\/sanignacioconcepcion.cl\/sitio\/wp-json\/wp\/v2\/posts"}],"about":[{"href":"http:\/\/sanignacioconcepcion.cl\/sitio\/wp-json\/wp\/v2\/types\/post"}],"author":[{"embeddable":true,"href":"http:\/\/sanignacioconcepcion.cl\/sitio\/wp-json\/wp\/v2\/users\/1"}],"replies":[{"embeddable":true,"href":"http:\/\/sanignacioconcepcion.cl\/sitio\/wp-json\/wp\/v2\/comments?post=11135"}],"version-history":[{"count":1,"href":"http:\/\/sanignacioconcepcion.cl\/sitio\/wp-json\/wp\/v2\/posts\/11135\/revisions"}],"predecessor-version":[{"id":11136,"href":"http:\/\/sanignacioconcepcion.cl\/sitio\/wp-json\/wp\/v2\/posts\/11135\/revisions\/11136"}],"wp:attachment":[{"href":"http:\/\/sanignacioconcepcion.cl\/sitio\/wp-json\/wp\/v2\/media?parent=11135"}],"wp:term":[{"taxonomy":"category","embeddable":true,"href":"http:\/\/sanignacioconcepcion.cl\/sitio\/wp-json\/wp\/v2\/categories?post=11135"},{"taxonomy":"post_tag","embeddable":true,"href":"http:\/\/sanignacioconcepcion.cl\/sitio\/wp-json\/wp\/v2\/tags?post=11135"}],"curies":[{"name":"wp","href":"https:\/\/api.w.org\/{rel}","templated":true}]}}