{"id":11148,"date":"2026-03-20T13:49:54","date_gmt":"2026-03-20T16:49:54","guid":{"rendered":"https:\/\/sanignacioconcepcion.cl\/sitio\/?p=11148"},"modified":"2026-03-20T13:49:54","modified_gmt":"2026-03-20T16:49:54","slug":"reunion-general-docente-enfocada-en-la-coeducacion","status":"publish","type":"post","link":"http:\/\/sanignacioconcepcion.cl\/sitio\/reunion-general-docente-enfocada-en-la-coeducacion\/","title":{"rendered":"Reuni\u00f3n general docente enfocada en la coeducaci\u00f3n"},"content":{"rendered":"<p data-start=\"135\" data-end=\"328\">El pasado mi\u00e9rcoles, se llev\u00f3 a cabo en nuestro colegio una reuni\u00f3n general docente, instancia en la que se abord\u00f3 el tema de la coeducaci\u00f3n como eje central de reflexi\u00f3n y trabajo.<\/p>\n<p data-start=\"330\" data-end=\"562\">Durante la jornada, se promovi\u00f3 el di\u00e1logo, la participaci\u00f3n y el intercambio de experiencias entre educadores y educadoras, favoreciendo un espacio de construcci\u00f3n conjunta en torno a pr\u00e1cticas pedag\u00f3gicas inclusivas y equitativas.<\/p>\n<p data-start=\"564\" data-end=\"811\">Esta organizaci\u00f3n permiti\u00f3 facilitar el buen desarrollo del trabajo colaborativo planificado, fortaleciendo el compromiso de nuestra comunidad educativa con una formaci\u00f3n integral que valore la diversidad y promueva el respeto entre todas y todos.<span style=\"color: #800000;\"><a style=\"color: #800000;\" href=\"https:\/\/photos.app.goo.gl\/3maavohBzyzMVJzo9\"><strong> Ver fotos<\/strong><\/a><\/span><\/p>\n","protected":false},"excerpt":{"rendered":"<p>El pasado mi\u00e9rcoles, se llev\u00f3 a cabo en nuestro colegio una reuni\u00f3n general docente, instancia en la que se abord\u00f3 el tema de la coeducaci\u00f3n como eje central de reflexi\u00f3n y trabajo. Durante la jornada, se promovi\u00f3 el di\u00e1logo, la participaci\u00f3n y el intercambio de experiencias entre educadores y educadoras, favoreciendo un espacio de construcci\u00f3n&hellip;<\/p>\n","protected":false},"author":1,"featured_media":11149,"comment_status":"closed","ping_status":"closed","sticky":false,"template":"","format":"standard","meta":[],"categories":[4],"tags":[],"_links":{"self":[{"href":"http:\/\/sanignacioconcepcion.cl\/sitio\/wp-json\/wp\/v2\/posts\/11148"}],"collection":[{"href":"http:\/\/sanignacioconcepcion.cl\/sitio\/wp-json\/wp\/v2\/posts"}],"about":[{"href":"http:\/\/sanignacioconcepcion.cl\/sitio\/wp-json\/wp\/v2\/types\/post"}],"author":[{"embeddable":true,"href":"http:\/\/sanignacioconcepcion.cl\/sitio\/wp-json\/wp\/v2\/users\/1"}],"replies":[{"embeddable":true,"href":"http:\/\/sanignacioconcepcion.cl\/sitio\/wp-json\/wp\/v2\/comments?post=11148"}],"version-history":[{"count":1,"href":"http:\/\/sanignacioconcepcion.cl\/sitio\/wp-json\/wp\/v2\/posts\/11148\/revisions"}],"predecessor-version":[{"id":11150,"href":"http:\/\/sanignacioconcepcion.cl\/sitio\/wp-json\/wp\/v2\/posts\/11148\/revisions\/11150"}],"wp:featuredmedia":[{"embeddable":true,"href":"http:\/\/sanignacioconcepcion.cl\/sitio\/wp-json\/wp\/v2\/media\/11149"}],"wp:attachment":[{"href":"http:\/\/sanignacioconcepcion.cl\/sitio\/wp-json\/wp\/v2\/media?parent=11148"}],"wp:term":[{"taxonomy":"category","embeddable":true,"href":"http:\/\/sanignacioconcepcion.cl\/sitio\/wp-json\/wp\/v2\/categories?post=11148"},{"taxonomy":"post_tag","embeddable":true,"href":"http:\/\/sanignacioconcepcion.cl\/sitio\/wp-json\/wp\/v2\/tags?post=11148"}],"curies":[{"name":"wp","href":"https:\/\/api.w.org\/{rel}","templated":true}]}}