{"id":11151,"date":"2026-03-20T14:28:57","date_gmt":"2026-03-20T17:28:57","guid":{"rendered":"https:\/\/sanignacioconcepcion.cl\/sitio\/?p=11151"},"modified":"2026-03-20T14:32:04","modified_gmt":"2026-03-20T17:32:04","slug":"conmemoracion-dia-mundial-del-sindrome-de-down-2","status":"publish","type":"post","link":"http:\/\/sanignacioconcepcion.cl\/sitio\/conmemoracion-dia-mundial-del-sindrome-de-down-2\/","title":{"rendered":"Conmemoraci\u00f3n D\u00eda Internacional del S\u00edndrome de Down"},"content":{"rendered":"<p data-start=\"162\" data-end=\"357\">Hoy, 20 de marzo, nuestro colegio llev\u00f3 a cabo una significativa actividad para conmemorar el D\u00eda Internacional del S\u00edndrome de Down, que se recuerda cada 21 de marzo a nivel internacional.<\/p>\n<p data-start=\"359\" data-end=\"596\">La iniciativa fue organizada por el equipo del Programa de Integraci\u00f3n Escolar (PIE) y se desarroll\u00f3 en el patio La Cruz, donde se dispusieron diversas estaciones participativas orientadas a promover la conciencia y la inclusi\u00f3n.<\/p>\n<p data-start=\"598\" data-end=\"811\">Los y las estudiantes participaron en sopas de letras y espacios de pintura, especialmente pensados para los m\u00e1s peque\u00f1os, favoreciendo el aprendizaje a trav\u00e9s del juego y la expresi\u00f3n.<\/p>\n<p data-start=\"1141\" data-end=\"1356\">Esta instancia busc\u00f3 promover el respeto, la valoraci\u00f3n de la diversidad y la inclusi\u00f3n, fortaleciendo el compromiso de nuestra comunidad educativa con una formaci\u00f3n integral donde todas y todos tengan un lugar. <a href=\"https:\/\/photos.app.goo.gl\/5uDHEDfTo7kEH3dS8\"><span style=\"color: #800000;\"><strong>Ver fotos<\/strong><\/span><\/a><\/p>\n","protected":false},"excerpt":{"rendered":"<p>Hoy, 20 de marzo, nuestro colegio llev\u00f3 a cabo una significativa actividad para conmemorar el D\u00eda Internacional del S\u00edndrome de Down, que se recuerda cada 21 de marzo a nivel internacional. La iniciativa fue organizada por el equipo del Programa de Integraci\u00f3n Escolar (PIE) y se desarroll\u00f3 en el patio La Cruz, donde se dispusieron&hellip;<\/p>\n","protected":false},"author":1,"featured_media":11152,"comment_status":"closed","ping_status":"closed","sticky":false,"template":"","format":"standard","meta":[],"categories":[4],"tags":[],"_links":{"self":[{"href":"http:\/\/sanignacioconcepcion.cl\/sitio\/wp-json\/wp\/v2\/posts\/11151"}],"collection":[{"href":"http:\/\/sanignacioconcepcion.cl\/sitio\/wp-json\/wp\/v2\/posts"}],"about":[{"href":"http:\/\/sanignacioconcepcion.cl\/sitio\/wp-json\/wp\/v2\/types\/post"}],"author":[{"embeddable":true,"href":"http:\/\/sanignacioconcepcion.cl\/sitio\/wp-json\/wp\/v2\/users\/1"}],"replies":[{"embeddable":true,"href":"http:\/\/sanignacioconcepcion.cl\/sitio\/wp-json\/wp\/v2\/comments?post=11151"}],"version-history":[{"count":2,"href":"http:\/\/sanignacioconcepcion.cl\/sitio\/wp-json\/wp\/v2\/posts\/11151\/revisions"}],"predecessor-version":[{"id":11154,"href":"http:\/\/sanignacioconcepcion.cl\/sitio\/wp-json\/wp\/v2\/posts\/11151\/revisions\/11154"}],"wp:featuredmedia":[{"embeddable":true,"href":"http:\/\/sanignacioconcepcion.cl\/sitio\/wp-json\/wp\/v2\/media\/11152"}],"wp:attachment":[{"href":"http:\/\/sanignacioconcepcion.cl\/sitio\/wp-json\/wp\/v2\/media?parent=11151"}],"wp:term":[{"taxonomy":"category","embeddable":true,"href":"http:\/\/sanignacioconcepcion.cl\/sitio\/wp-json\/wp\/v2\/categories?post=11151"},{"taxonomy":"post_tag","embeddable":true,"href":"http:\/\/sanignacioconcepcion.cl\/sitio\/wp-json\/wp\/v2\/tags?post=11151"}],"curies":[{"name":"wp","href":"https:\/\/api.w.org\/{rel}","templated":true}]}}