{"id":11156,"date":"2026-03-23T10:28:46","date_gmt":"2026-03-23T13:28:46","guid":{"rendered":"https:\/\/sanignacioconcepcion.cl\/sitio\/?p=11156"},"modified":"2026-03-23T10:28:46","modified_gmt":"2026-03-23T13:28:46","slug":"jornada-de-directores-de-la-red-ignaciana-se-realizo-en-osorno","status":"publish","type":"post","link":"http:\/\/sanignacioconcepcion.cl\/sitio\/jornada-de-directores-de-la-red-ignaciana-se-realizo-en-osorno\/","title":{"rendered":"Jornada de Directores de la Red Ignaciana se realiz\u00f3 en Osorno"},"content":{"rendered":"<p data-start=\"149\" data-end=\"383\">Los d\u00edas 19 y 20 de marzo se llev\u00f3 a cabo la Jornada de Directores de la Red de Colegios Ignacianos, instancia que tuvo lugar en el Colegio San Mateo de Osorno y que reuni\u00f3 a seis directores, junto al equipo de la Oficina de Santiago.<\/p>\n<p data-start=\"385\" data-end=\"634\">Durante el encuentro, los participantes compartieron c\u00f3mo ha sido el inicio del a\u00f1o escolar en sus respectivas comunidades educativas, permitiendo identificar desaf\u00edos y aprendizajes comunes que contribuyen a comprender la realidad actual de la red.<\/p>\n<p data-start=\"636\" data-end=\"887\">Asimismo, la jornada permiti\u00f3 recoger la mirada de las direcciones con el prop\u00f3sito de avanzar en orientaciones que apoyen la toma de decisiones acad\u00e9micas y otros \u00e1mbitos relevantes para el fortalecimiento del trabajo colaborativo entre los colegios.<\/p>\n<p data-start=\"889\" data-end=\"1117\">Este espacio de encuentro y reflexi\u00f3n reafirma el compromiso de la Red de Colegios Ignacianos con una educaci\u00f3n de calidad, centrada en la formaci\u00f3n integral de sus estudiantes y en la mejora continua de sus procesos educativos.<\/p>\n","protected":false},"excerpt":{"rendered":"<p>Los d\u00edas 19 y 20 de marzo se llev\u00f3 a cabo la Jornada de Directores de la Red de Colegios Ignacianos, instancia que tuvo lugar en el Colegio San Mateo de Osorno y que reuni\u00f3 a seis directores, junto al equipo de la Oficina de Santiago. Durante el encuentro, los participantes compartieron c\u00f3mo ha sido&hellip;<\/p>\n","protected":false},"author":1,"featured_media":11157,"comment_status":"closed","ping_status":"closed","sticky":false,"template":"","format":"standard","meta":[],"categories":[4],"tags":[],"_links":{"self":[{"href":"http:\/\/sanignacioconcepcion.cl\/sitio\/wp-json\/wp\/v2\/posts\/11156"}],"collection":[{"href":"http:\/\/sanignacioconcepcion.cl\/sitio\/wp-json\/wp\/v2\/posts"}],"about":[{"href":"http:\/\/sanignacioconcepcion.cl\/sitio\/wp-json\/wp\/v2\/types\/post"}],"author":[{"embeddable":true,"href":"http:\/\/sanignacioconcepcion.cl\/sitio\/wp-json\/wp\/v2\/users\/1"}],"replies":[{"embeddable":true,"href":"http:\/\/sanignacioconcepcion.cl\/sitio\/wp-json\/wp\/v2\/comments?post=11156"}],"version-history":[{"count":1,"href":"http:\/\/sanignacioconcepcion.cl\/sitio\/wp-json\/wp\/v2\/posts\/11156\/revisions"}],"predecessor-version":[{"id":11158,"href":"http:\/\/sanignacioconcepcion.cl\/sitio\/wp-json\/wp\/v2\/posts\/11156\/revisions\/11158"}],"wp:featuredmedia":[{"embeddable":true,"href":"http:\/\/sanignacioconcepcion.cl\/sitio\/wp-json\/wp\/v2\/media\/11157"}],"wp:attachment":[{"href":"http:\/\/sanignacioconcepcion.cl\/sitio\/wp-json\/wp\/v2\/media?parent=11156"}],"wp:term":[{"taxonomy":"category","embeddable":true,"href":"http:\/\/sanignacioconcepcion.cl\/sitio\/wp-json\/wp\/v2\/categories?post=11156"},{"taxonomy":"post_tag","embeddable":true,"href":"http:\/\/sanignacioconcepcion.cl\/sitio\/wp-json\/wp\/v2\/tags?post=11156"}],"curies":[{"name":"wp","href":"https:\/\/api.w.org\/{rel}","templated":true}]}}