{"id":11169,"date":"2026-03-25T10:58:24","date_gmt":"2026-03-25T13:58:24","guid":{"rendered":"https:\/\/sanignacioconcepcion.cl\/sitio\/?p=11169"},"modified":"2026-03-25T11:10:13","modified_gmt":"2026-03-25T14:10:13","slug":"aprendizaje-con-sentido-en-clases-de-historia","status":"publish","type":"post","link":"http:\/\/sanignacioconcepcion.cl\/sitio\/aprendizaje-con-sentido-en-clases-de-historia\/","title":{"rendered":"Aprendizaje con sentido en clases de Historia"},"content":{"rendered":"<p data-start=\"191\" data-end=\"396\">Durante esta semana, estudiantes de nuestro colegio vivieron significativas instancias de aprendizaje en la asignatura de Historia, enriquecidas con la participaci\u00f3n de invitados de la comunidad educativa.<\/p>\n<p data-start=\"398\" data-end=\"766\">El lunes 23 de marzo, el profesor de Historia, Omar Gaete, invit\u00f3 al capell\u00e1n del colegio, padre Juan Pablo Moyano SJ, a compartir con el curso 7\u00b0 b\u00e1sico B. En la oportunidad, el padre Juan Pablo abord\u00f3 la visi\u00f3n cristiana sobre el origen de la vida, contenido que se vincula directamente con las tem\u00e1ticas que las y los estudiantes se encuentran trabajando en clases.<\/p>\n<p data-start=\"768\" data-end=\"1116\">Por su parte, el martes 24 de marzo, la Directora del colegio, Claudia Messina, particip\u00f3 al inicio de la clase del 2\u00b0 medio C, instancia en la que comparti\u00f3 reflexiones en torno a la Primera Guerra Mundial y su relaci\u00f3n con los conflictos actuales en Medio Oriente, promoviendo el an\u00e1lisis cr\u00edtico y la conexi\u00f3n entre el pasado y el presente.<\/p>\n<p data-start=\"1118\" data-end=\"1332\">Estas experiencias reflejan el compromiso de nuestra comunidad educativa con una formaci\u00f3n integral, que promueve el di\u00e1logo, la reflexi\u00f3n y el desarrollo de una mirada cr\u00edtica y consciente en nuestros estudiantes<a href=\"https:\/\/photos.app.goo.gl\/gg2uKz1MnXL4e6aS6\">. Ver fotos<\/a><\/p>\n","protected":false},"excerpt":{"rendered":"<p>Durante esta semana, estudiantes de nuestro colegio vivieron significativas instancias de aprendizaje en la asignatura de Historia, enriquecidas con la participaci\u00f3n de invitados de la comunidad educativa. El lunes 23 de marzo, el profesor de Historia, Omar Gaete, invit\u00f3 al capell\u00e1n del colegio, padre Juan Pablo Moyano SJ, a compartir con el curso 7\u00b0 b\u00e1sico&hellip;<\/p>\n","protected":false},"author":1,"featured_media":11170,"comment_status":"closed","ping_status":"closed","sticky":false,"template":"","format":"standard","meta":[],"categories":[4],"tags":[],"_links":{"self":[{"href":"http:\/\/sanignacioconcepcion.cl\/sitio\/wp-json\/wp\/v2\/posts\/11169"}],"collection":[{"href":"http:\/\/sanignacioconcepcion.cl\/sitio\/wp-json\/wp\/v2\/posts"}],"about":[{"href":"http:\/\/sanignacioconcepcion.cl\/sitio\/wp-json\/wp\/v2\/types\/post"}],"author":[{"embeddable":true,"href":"http:\/\/sanignacioconcepcion.cl\/sitio\/wp-json\/wp\/v2\/users\/1"}],"replies":[{"embeddable":true,"href":"http:\/\/sanignacioconcepcion.cl\/sitio\/wp-json\/wp\/v2\/comments?post=11169"}],"version-history":[{"count":1,"href":"http:\/\/sanignacioconcepcion.cl\/sitio\/wp-json\/wp\/v2\/posts\/11169\/revisions"}],"predecessor-version":[{"id":11171,"href":"http:\/\/sanignacioconcepcion.cl\/sitio\/wp-json\/wp\/v2\/posts\/11169\/revisions\/11171"}],"wp:featuredmedia":[{"embeddable":true,"href":"http:\/\/sanignacioconcepcion.cl\/sitio\/wp-json\/wp\/v2\/media\/11170"}],"wp:attachment":[{"href":"http:\/\/sanignacioconcepcion.cl\/sitio\/wp-json\/wp\/v2\/media?parent=11169"}],"wp:term":[{"taxonomy":"category","embeddable":true,"href":"http:\/\/sanignacioconcepcion.cl\/sitio\/wp-json\/wp\/v2\/categories?post=11169"},{"taxonomy":"post_tag","embeddable":true,"href":"http:\/\/sanignacioconcepcion.cl\/sitio\/wp-json\/wp\/v2\/tags?post=11169"}],"curies":[{"name":"wp","href":"https:\/\/api.w.org\/{rel}","templated":true}]}}