{"id":11172,"date":"2026-03-25T11:12:48","date_gmt":"2026-03-25T14:12:48","guid":{"rendered":"https:\/\/sanignacioconcepcion.cl\/sitio\/?p=11172"},"modified":"2026-03-25T11:13:42","modified_gmt":"2026-03-25T14:13:42","slug":"sic-participo-en-misa-de-inicio-de-ano-de-colegios-iglesia","status":"publish","type":"post","link":"http:\/\/sanignacioconcepcion.cl\/sitio\/sic-participo-en-misa-de-inicio-de-ano-de-colegios-iglesia\/","title":{"rendered":"SIC particip\u00f3 en Misa de Inicio de A\u00f1o de Colegios Iglesia"},"content":{"rendered":"<p data-start=\"164\" data-end=\"390\">El pasado martes 24 de marzo, se celebr\u00f3 en la Catedral de Concepci\u00f3n la Misa de Inicio de A\u00f1o de los Colegios Iglesia, instancia que reuni\u00f3 a diversas comunidades educativas en torno a la fe y el sentido de misi\u00f3n compartida.<\/p>\n<p data-start=\"392\" data-end=\"650\">Como colegio, participamos con una delegaci\u00f3n de ocho estudiantes, compuesta por tres representantes del ciclo Manresa, dos integrantes del CASI Roma y tres estudiantes abanderados, quienes representaron a nuestra comunidad en esta significativa celebraci\u00f3n.<\/p>\n<p data-start=\"652\" data-end=\"892\">En la ceremonia, Emilia Silva, estudiante de III medio A y delegada de Pastoral del CASI Roma, recibi\u00f3 el cirio que representa a nuestro colegio, gesto que simboliza la luz de Cristo que gu\u00eda el camino de nuestra comunidad durante este a\u00f1o.<\/p>\n<p data-start=\"894\" data-end=\"1072\">Esta instancia nos invita a renovar nuestro compromiso como comunidad ignaciana, poniendo en el centro la fe, el servicio y la construcci\u00f3n de una sociedad m\u00e1s justa y solidaria.<\/p>\n","protected":false},"excerpt":{"rendered":"<p>El pasado martes 24 de marzo, se celebr\u00f3 en la Catedral de Concepci\u00f3n la Misa de Inicio de A\u00f1o de los Colegios Iglesia, instancia que reuni\u00f3 a diversas comunidades educativas en torno a la fe y el sentido de misi\u00f3n compartida. Como colegio, participamos con una delegaci\u00f3n de ocho estudiantes, compuesta por tres representantes del&hellip;<\/p>\n","protected":false},"author":1,"featured_media":11175,"comment_status":"closed","ping_status":"closed","sticky":false,"template":"","format":"standard","meta":[],"categories":[4],"tags":[],"_links":{"self":[{"href":"http:\/\/sanignacioconcepcion.cl\/sitio\/wp-json\/wp\/v2\/posts\/11172"}],"collection":[{"href":"http:\/\/sanignacioconcepcion.cl\/sitio\/wp-json\/wp\/v2\/posts"}],"about":[{"href":"http:\/\/sanignacioconcepcion.cl\/sitio\/wp-json\/wp\/v2\/types\/post"}],"author":[{"embeddable":true,"href":"http:\/\/sanignacioconcepcion.cl\/sitio\/wp-json\/wp\/v2\/users\/1"}],"replies":[{"embeddable":true,"href":"http:\/\/sanignacioconcepcion.cl\/sitio\/wp-json\/wp\/v2\/comments?post=11172"}],"version-history":[{"count":1,"href":"http:\/\/sanignacioconcepcion.cl\/sitio\/wp-json\/wp\/v2\/posts\/11172\/revisions"}],"predecessor-version":[{"id":11174,"href":"http:\/\/sanignacioconcepcion.cl\/sitio\/wp-json\/wp\/v2\/posts\/11172\/revisions\/11174"}],"wp:featuredmedia":[{"embeddable":true,"href":"http:\/\/sanignacioconcepcion.cl\/sitio\/wp-json\/wp\/v2\/media\/11175"}],"wp:attachment":[{"href":"http:\/\/sanignacioconcepcion.cl\/sitio\/wp-json\/wp\/v2\/media?parent=11172"}],"wp:term":[{"taxonomy":"category","embeddable":true,"href":"http:\/\/sanignacioconcepcion.cl\/sitio\/wp-json\/wp\/v2\/categories?post=11172"},{"taxonomy":"post_tag","embeddable":true,"href":"http:\/\/sanignacioconcepcion.cl\/sitio\/wp-json\/wp\/v2\/tags?post=11172"}],"curies":[{"name":"wp","href":"https:\/\/api.w.org\/{rel}","templated":true}]}}