{"id":11196,"date":"2026-03-30T11:07:20","date_gmt":"2026-03-30T14:07:20","guid":{"rendered":"https:\/\/sanignacioconcepcion.cl\/sitio\/?p=11196"},"modified":"2026-03-30T12:24:41","modified_gmt":"2026-03-30T15:24:41","slug":"comunidad-ignaciana-celebro-el-domingo-de-ramos","status":"publish","type":"post","link":"http:\/\/sanignacioconcepcion.cl\/sitio\/comunidad-ignaciana-celebro-el-domingo-de-ramos\/","title":{"rendered":"Comunidad Ignaciana celebr\u00f3 el Domingo de Ramos"},"content":{"rendered":"<p data-start=\"76\" data-end=\"255\">Este domingo, nuestra comunidad se reuni\u00f3 para conmemorar el Domingo de Ramos, dando inicio a la Semana Santa, un tiempo especial de reflexi\u00f3n y encuentro con Jes\u00fas.<\/p>\n<p data-start=\"257\" data-end=\"499\">La celebraci\u00f3n estuvo marcada por un ambiente de recogimiento y alegr\u00eda. Se vivieron momentos significativos de oraci\u00f3n y comunidad, que invitan a cada uno de nosotros a preparar el coraz\u00f3n para acompa\u00f1ar a Jes\u00fas en su camino hacia la Pascua.<\/p>\n<p data-start=\"501\" data-end=\"679\">Como colegio cat\u00f3lico, valoramos profundamente estos espacios que fortalecen nuestra fe y nos permiten seguir construyendo comunidad desde el amor, la solidaridad y la esperanza. <a href=\"https:\/\/photos.app.goo.gl\/x3D4NtVHSxeKZ1mT8\"><strong>Ver fotos<\/strong><\/a><\/p>\n","protected":false},"excerpt":{"rendered":"<p>Este domingo, nuestra comunidad se reuni\u00f3 para conmemorar el Domingo de Ramos, dando inicio a la Semana Santa, un tiempo especial de reflexi\u00f3n y encuentro con Jes\u00fas. La celebraci\u00f3n estuvo marcada por un ambiente de recogimiento y alegr\u00eda. Se vivieron momentos significativos de oraci\u00f3n y comunidad, que invitan a cada uno de nosotros a preparar&hellip;<\/p>\n","protected":false},"author":1,"featured_media":11201,"comment_status":"closed","ping_status":"closed","sticky":false,"template":"","format":"standard","meta":[],"categories":[4],"tags":[],"_links":{"self":[{"href":"http:\/\/sanignacioconcepcion.cl\/sitio\/wp-json\/wp\/v2\/posts\/11196"}],"collection":[{"href":"http:\/\/sanignacioconcepcion.cl\/sitio\/wp-json\/wp\/v2\/posts"}],"about":[{"href":"http:\/\/sanignacioconcepcion.cl\/sitio\/wp-json\/wp\/v2\/types\/post"}],"author":[{"embeddable":true,"href":"http:\/\/sanignacioconcepcion.cl\/sitio\/wp-json\/wp\/v2\/users\/1"}],"replies":[{"embeddable":true,"href":"http:\/\/sanignacioconcepcion.cl\/sitio\/wp-json\/wp\/v2\/comments?post=11196"}],"version-history":[{"count":3,"href":"http:\/\/sanignacioconcepcion.cl\/sitio\/wp-json\/wp\/v2\/posts\/11196\/revisions"}],"predecessor-version":[{"id":11204,"href":"http:\/\/sanignacioconcepcion.cl\/sitio\/wp-json\/wp\/v2\/posts\/11196\/revisions\/11204"}],"wp:featuredmedia":[{"embeddable":true,"href":"http:\/\/sanignacioconcepcion.cl\/sitio\/wp-json\/wp\/v2\/media\/11201"}],"wp:attachment":[{"href":"http:\/\/sanignacioconcepcion.cl\/sitio\/wp-json\/wp\/v2\/media?parent=11196"}],"wp:term":[{"taxonomy":"category","embeddable":true,"href":"http:\/\/sanignacioconcepcion.cl\/sitio\/wp-json\/wp\/v2\/categories?post=11196"},{"taxonomy":"post_tag","embeddable":true,"href":"http:\/\/sanignacioconcepcion.cl\/sitio\/wp-json\/wp\/v2\/tags?post=11196"}],"curies":[{"name":"wp","href":"https:\/\/api.w.org\/{rel}","templated":true}]}}