{"id":11198,"date":"2026-03-30T11:05:56","date_gmt":"2026-03-30T14:05:56","guid":{"rendered":"https:\/\/sanignacioconcepcion.cl\/sitio\/?p=11198"},"modified":"2026-03-30T11:05:56","modified_gmt":"2026-03-30T14:05:56","slug":"primera-jornada-de-familias-nuevas-2026","status":"publish","type":"post","link":"http:\/\/sanignacioconcepcion.cl\/sitio\/primera-jornada-de-familias-nuevas-2026\/","title":{"rendered":"Primera jornada de familias nuevas 2026"},"content":{"rendered":"<p data-start=\"147\" data-end=\"339\">El s\u00e1bado 28 de marzo se llev\u00f3 a cabo la primera jornada de familias nuevas de este 2026, instancia que permiti\u00f3 acoger y dar la bienvenida a quienes se integran a nuestra comunidad educativa.<\/p>\n<p data-start=\"341\" data-end=\"562\">Durante la jornada, las familias pudieron compartir y conocer m\u00e1s sobre nuestro colegio y su Proyecto Educativo Institucional, profundizando en su sello formativo y en los valores que nos inspiran como comunidad.<\/p>\n<p data-start=\"564\" data-end=\"734\">Asimismo, tuvieron la oportunidad de encontrarse con la directora, el capell\u00e1n y otros integrantes del equipo educativo, generando espacios de di\u00e1logo cercano y acogedor.<\/p>\n<p data-start=\"736\" data-end=\"921\">A trav\u00e9s de din\u00e1micas, reflexiones y conversaciones, las familias fueron conoci\u00e9ndose entre s\u00ed y acerc\u00e1ndose a la vida comunitaria del colegio, fortaleciendo as\u00ed los lazos que nos unen.<\/p>\n<p data-start=\"923\" data-end=\"1080\">Las pr\u00f3ximas jornadas se realizar\u00e1n los d\u00edas 11 y 18 de abril, dando continuidad a este importante espacio de encuentro y formaci\u00f3n para las nuevas familias. <a href=\"https:\/\/photos.app.goo.gl\/WVwXUPnS3yaeA3VR9\"><strong>Ver fotos<\/strong><\/a><\/p>\n","protected":false},"excerpt":{"rendered":"<p>El s\u00e1bado 28 de marzo se llev\u00f3 a cabo la primera jornada de familias nuevas de este 2026, instancia que permiti\u00f3 acoger y dar la bienvenida a quienes se integran a nuestra comunidad educativa. Durante la jornada, las familias pudieron compartir y conocer m\u00e1s sobre nuestro colegio y su Proyecto Educativo Institucional, profundizando en su&hellip;<\/p>\n","protected":false},"author":1,"featured_media":11199,"comment_status":"closed","ping_status":"closed","sticky":false,"template":"","format":"standard","meta":[],"categories":[4],"tags":[],"_links":{"self":[{"href":"http:\/\/sanignacioconcepcion.cl\/sitio\/wp-json\/wp\/v2\/posts\/11198"}],"collection":[{"href":"http:\/\/sanignacioconcepcion.cl\/sitio\/wp-json\/wp\/v2\/posts"}],"about":[{"href":"http:\/\/sanignacioconcepcion.cl\/sitio\/wp-json\/wp\/v2\/types\/post"}],"author":[{"embeddable":true,"href":"http:\/\/sanignacioconcepcion.cl\/sitio\/wp-json\/wp\/v2\/users\/1"}],"replies":[{"embeddable":true,"href":"http:\/\/sanignacioconcepcion.cl\/sitio\/wp-json\/wp\/v2\/comments?post=11198"}],"version-history":[{"count":1,"href":"http:\/\/sanignacioconcepcion.cl\/sitio\/wp-json\/wp\/v2\/posts\/11198\/revisions"}],"predecessor-version":[{"id":11200,"href":"http:\/\/sanignacioconcepcion.cl\/sitio\/wp-json\/wp\/v2\/posts\/11198\/revisions\/11200"}],"wp:featuredmedia":[{"embeddable":true,"href":"http:\/\/sanignacioconcepcion.cl\/sitio\/wp-json\/wp\/v2\/media\/11199"}],"wp:attachment":[{"href":"http:\/\/sanignacioconcepcion.cl\/sitio\/wp-json\/wp\/v2\/media?parent=11198"}],"wp:term":[{"taxonomy":"category","embeddable":true,"href":"http:\/\/sanignacioconcepcion.cl\/sitio\/wp-json\/wp\/v2\/categories?post=11198"},{"taxonomy":"post_tag","embeddable":true,"href":"http:\/\/sanignacioconcepcion.cl\/sitio\/wp-json\/wp\/v2\/tags?post=11198"}],"curies":[{"name":"wp","href":"https:\/\/api.w.org\/{rel}","templated":true}]}}