{"id":11210,"date":"2026-03-30T14:36:57","date_gmt":"2026-03-30T17:36:57","guid":{"rendered":"https:\/\/sanignacioconcepcion.cl\/sitio\/?p=11210"},"modified":"2026-03-30T14:38:40","modified_gmt":"2026-03-30T17:38:40","slug":"ciclo-loyola-inicia-la-semana-santa","status":"publish","type":"post","link":"http:\/\/sanignacioconcepcion.cl\/sitio\/ciclo-loyola-inicia-la-semana-santa\/","title":{"rendered":"Ciclo Loyola inicia la semana santa"},"content":{"rendered":"<p>Este lunes 30 de marzo, vivimos con mucha alegr\u00eda la Liturgia de Ramos junto a nuestros estudiantes m\u00e1s peque\u00f1os, desde Pre-k\u00ednder hasta 2\u00b0 b\u00e1sico. En este encuentro, los ni\u00f1os y ni\u00f1as continuaron su camino de crecimiento en la fe, compartiendo un momento especial de reflexi\u00f3n con nuestro Capell\u00e1n Juan Pablo Moyano Sj. Durante la actividad, conversaron sobre las acciones diarias que realizan para fortalecer su amistad con Jes\u00fas; con mucha sencillez, nos contaron que buscan <em>\u00abportarse bien\u00bb<\/em> y que quieren que <em>\u201cJes\u00fas entre en su coraz\u00f3n y en el de su familia\u201d<\/em><\/p>\n<p>Fue una jornada llena de entusiasmo y ternura, donde el colegio se llen\u00f3 de sonrisas mientras los ni\u00f1os agitaban sus ramos para darle una afectuosa bienvenida a Jes\u00fas a nuestra comunidad y a sus corazones. Con la espontaneidad y alegr\u00eda que los caracteriza, celebraron este inicio de Semana Santa de una forma cercana, record\u00e1ndonos a todos la importancia de recibir al Se\u00f1or con la sencillez y el cari\u00f1o de los ni\u00f1os. <a href=\"https:\/\/photos.app.goo.gl\/YSRSvFKTC1JSP6Jv8\"><strong>Ver fotos<\/strong><\/a><\/p>\n","protected":false},"excerpt":{"rendered":"<p>Este lunes 30 de marzo, vivimos con mucha alegr\u00eda la Liturgia de Ramos junto a nuestros estudiantes m\u00e1s peque\u00f1os, desde Pre-k\u00ednder hasta 2\u00b0 b\u00e1sico. En este encuentro, los ni\u00f1os y ni\u00f1as continuaron su camino de crecimiento en la fe, compartiendo un momento especial de reflexi\u00f3n con nuestro Capell\u00e1n Juan Pablo Moyano Sj. Durante la actividad,&hellip;<\/p>\n","protected":false},"author":1,"featured_media":11211,"comment_status":"closed","ping_status":"closed","sticky":false,"template":"","format":"standard","meta":[],"categories":[4],"tags":[],"_links":{"self":[{"href":"http:\/\/sanignacioconcepcion.cl\/sitio\/wp-json\/wp\/v2\/posts\/11210"}],"collection":[{"href":"http:\/\/sanignacioconcepcion.cl\/sitio\/wp-json\/wp\/v2\/posts"}],"about":[{"href":"http:\/\/sanignacioconcepcion.cl\/sitio\/wp-json\/wp\/v2\/types\/post"}],"author":[{"embeddable":true,"href":"http:\/\/sanignacioconcepcion.cl\/sitio\/wp-json\/wp\/v2\/users\/1"}],"replies":[{"embeddable":true,"href":"http:\/\/sanignacioconcepcion.cl\/sitio\/wp-json\/wp\/v2\/comments?post=11210"}],"version-history":[{"count":3,"href":"http:\/\/sanignacioconcepcion.cl\/sitio\/wp-json\/wp\/v2\/posts\/11210\/revisions"}],"predecessor-version":[{"id":11214,"href":"http:\/\/sanignacioconcepcion.cl\/sitio\/wp-json\/wp\/v2\/posts\/11210\/revisions\/11214"}],"wp:featuredmedia":[{"embeddable":true,"href":"http:\/\/sanignacioconcepcion.cl\/sitio\/wp-json\/wp\/v2\/media\/11211"}],"wp:attachment":[{"href":"http:\/\/sanignacioconcepcion.cl\/sitio\/wp-json\/wp\/v2\/media?parent=11210"}],"wp:term":[{"taxonomy":"category","embeddable":true,"href":"http:\/\/sanignacioconcepcion.cl\/sitio\/wp-json\/wp\/v2\/categories?post=11210"},{"taxonomy":"post_tag","embeddable":true,"href":"http:\/\/sanignacioconcepcion.cl\/sitio\/wp-json\/wp\/v2\/tags?post=11210"}],"curies":[{"name":"wp","href":"https:\/\/api.w.org\/{rel}","templated":true}]}}