{"id":11221,"date":"2026-03-31T09:37:40","date_gmt":"2026-03-31T12:37:40","guid":{"rendered":"https:\/\/sanignacioconcepcion.cl\/sitio\/?p=11221"},"modified":"2026-03-31T09:37:40","modified_gmt":"2026-03-31T12:37:40","slug":"ejercicios-espirituales-ivmedio-damas-y-varones","status":"publish","type":"post","link":"http:\/\/sanignacioconcepcion.cl\/sitio\/ejercicios-espirituales-ivmedio-damas-y-varones\/","title":{"rendered":"Ejercicios Espirituales, IV\u00b0Medio, Damas y Varones"},"content":{"rendered":"<p>Los Ejercicios Espirituales son una experiencia ignaciana de oraci\u00f3n y discernimiento que invita a mirar el interior para tomar decisiones con mayor libertad.<\/p>\n<p>Bajo este esp\u00edritu, nuestros estudiantes de IV Medio vivieron esta instancia fundamental para su crecimiento. El encuentro de varones se realiz\u00f3 del 12 al 14 de marzo con 20 j\u00f3venes, acompa\u00f1ados por los capellanes Juan Pablo Moyano SJ y Juan Echaurren, junto a los coordinadores de pastoral Patricio R\u00edos y Valentina Labr\u00edn. Por su parte, la jornada de damas se llev\u00f3 a cabo del 25 al 27 de marzo con 10 participantes, quienes fueron acompa\u00f1adas espec\u00edficamente por Valentina Labr\u00edn y el capell\u00e1n Juan Pablo Moyano SJ.<\/p>\n<p>El silencio fue el protagonista, permitiendo que cada joven reflexionara sobre su camino personal y comunitario. Estos retiros, aunque breves, conservan la esencia de la espiritualidad ignaciana, brindando a nuestra generaci\u00f3n de salida herramientas fundamentales para enfrentar con sentido, fe y templanza los desaf\u00edos y decisiones de su \u00faltimo a\u00f1o escolar. <a href=\"https:\/\/photos.app.goo.gl\/YJ7JqCr5ToAJnAoVA\">Ver Fotos.<\/a><\/p>\n","protected":false},"excerpt":{"rendered":"<p>Los Ejercicios Espirituales son una experiencia ignaciana de oraci\u00f3n y discernimiento que invita a mirar el interior para tomar decisiones con mayor libertad. Bajo este esp\u00edritu, nuestros estudiantes de IV Medio vivieron esta instancia fundamental para su crecimiento. El encuentro de varones se realiz\u00f3 del 12 al 14 de marzo con 20 j\u00f3venes, acompa\u00f1ados por&hellip;<\/p>\n","protected":false},"author":1,"featured_media":11222,"comment_status":"closed","ping_status":"closed","sticky":false,"template":"","format":"standard","meta":[],"categories":[4],"tags":[],"_links":{"self":[{"href":"http:\/\/sanignacioconcepcion.cl\/sitio\/wp-json\/wp\/v2\/posts\/11221"}],"collection":[{"href":"http:\/\/sanignacioconcepcion.cl\/sitio\/wp-json\/wp\/v2\/posts"}],"about":[{"href":"http:\/\/sanignacioconcepcion.cl\/sitio\/wp-json\/wp\/v2\/types\/post"}],"author":[{"embeddable":true,"href":"http:\/\/sanignacioconcepcion.cl\/sitio\/wp-json\/wp\/v2\/users\/1"}],"replies":[{"embeddable":true,"href":"http:\/\/sanignacioconcepcion.cl\/sitio\/wp-json\/wp\/v2\/comments?post=11221"}],"version-history":[{"count":1,"href":"http:\/\/sanignacioconcepcion.cl\/sitio\/wp-json\/wp\/v2\/posts\/11221\/revisions"}],"predecessor-version":[{"id":11223,"href":"http:\/\/sanignacioconcepcion.cl\/sitio\/wp-json\/wp\/v2\/posts\/11221\/revisions\/11223"}],"wp:featuredmedia":[{"embeddable":true,"href":"http:\/\/sanignacioconcepcion.cl\/sitio\/wp-json\/wp\/v2\/media\/11222"}],"wp:attachment":[{"href":"http:\/\/sanignacioconcepcion.cl\/sitio\/wp-json\/wp\/v2\/media?parent=11221"}],"wp:term":[{"taxonomy":"category","embeddable":true,"href":"http:\/\/sanignacioconcepcion.cl\/sitio\/wp-json\/wp\/v2\/categories?post=11221"},{"taxonomy":"post_tag","embeddable":true,"href":"http:\/\/sanignacioconcepcion.cl\/sitio\/wp-json\/wp\/v2\/tags?post=11221"}],"curies":[{"name":"wp","href":"https:\/\/api.w.org\/{rel}","templated":true}]}}