{"id":11224,"date":"2026-04-01T12:03:10","date_gmt":"2026-04-01T15:03:10","guid":{"rendered":"https:\/\/sanignacioconcepcion.cl\/sitio\/?p=11224"},"modified":"2026-04-01T12:03:10","modified_gmt":"2026-04-01T15:03:10","slug":"dia-internacional-de-la-visibilidad-trans","status":"publish","type":"post","link":"http:\/\/sanignacioconcepcion.cl\/sitio\/dia-internacional-de-la-visibilidad-trans\/","title":{"rendered":"D\u00eda internacional de la visibilidad trans"},"content":{"rendered":"<p>El pasillo de los III\u00b0 medios se llen\u00f3 de vida y color. El CASI organiz\u00f3 una intervenci\u00f3n art\u00edstica para conmemorar el D\u00eda de la Visibilidad Trans, transformando un espacio cotidiano en un potente lienzo de apoyo y respeto hacia la diversidad de nuestra comunidad.<\/p>\n<p>Cada mano pintada representa una intenci\u00f3n que se suma a la inclusi\u00f3n. Con esta acci\u00f3n, reafirmamos que en el colegio caminamos juntos hacia un entorno seguro, donde cada identidad es valorada y celebrada con orgullo. <a href=\"https:\/\/photos.app.goo.gl\/7SyiHVgKndreYXs48\">Ver Fotos<\/a><\/p>\n","protected":false},"excerpt":{"rendered":"<p>El pasillo de los III\u00b0 medios se llen\u00f3 de vida y color. El CASI organiz\u00f3 una intervenci\u00f3n art\u00edstica para conmemorar el D\u00eda de la Visibilidad Trans, transformando un espacio cotidiano en un potente lienzo de apoyo y respeto hacia la diversidad de nuestra comunidad. Cada mano pintada representa una intenci\u00f3n que se suma a la&hellip;<\/p>\n","protected":false},"author":1,"featured_media":11225,"comment_status":"closed","ping_status":"closed","sticky":false,"template":"","format":"standard","meta":[],"categories":[4],"tags":[],"_links":{"self":[{"href":"http:\/\/sanignacioconcepcion.cl\/sitio\/wp-json\/wp\/v2\/posts\/11224"}],"collection":[{"href":"http:\/\/sanignacioconcepcion.cl\/sitio\/wp-json\/wp\/v2\/posts"}],"about":[{"href":"http:\/\/sanignacioconcepcion.cl\/sitio\/wp-json\/wp\/v2\/types\/post"}],"author":[{"embeddable":true,"href":"http:\/\/sanignacioconcepcion.cl\/sitio\/wp-json\/wp\/v2\/users\/1"}],"replies":[{"embeddable":true,"href":"http:\/\/sanignacioconcepcion.cl\/sitio\/wp-json\/wp\/v2\/comments?post=11224"}],"version-history":[{"count":1,"href":"http:\/\/sanignacioconcepcion.cl\/sitio\/wp-json\/wp\/v2\/posts\/11224\/revisions"}],"predecessor-version":[{"id":11228,"href":"http:\/\/sanignacioconcepcion.cl\/sitio\/wp-json\/wp\/v2\/posts\/11224\/revisions\/11228"}],"wp:featuredmedia":[{"embeddable":true,"href":"http:\/\/sanignacioconcepcion.cl\/sitio\/wp-json\/wp\/v2\/media\/11225"}],"wp:attachment":[{"href":"http:\/\/sanignacioconcepcion.cl\/sitio\/wp-json\/wp\/v2\/media?parent=11224"}],"wp:term":[{"taxonomy":"category","embeddable":true,"href":"http:\/\/sanignacioconcepcion.cl\/sitio\/wp-json\/wp\/v2\/categories?post=11224"},{"taxonomy":"post_tag","embeddable":true,"href":"http:\/\/sanignacioconcepcion.cl\/sitio\/wp-json\/wp\/v2\/tags?post=11224"}],"curies":[{"name":"wp","href":"https:\/\/api.w.org\/{rel}","templated":true}]}}