{"id":11230,"date":"2026-04-01T15:52:56","date_gmt":"2026-04-01T18:52:56","guid":{"rendered":"https:\/\/sanignacioconcepcion.cl\/sitio\/?p=11230"},"modified":"2026-04-01T15:52:56","modified_gmt":"2026-04-01T18:52:56","slug":"liturgia-de-miercoles-santo-ensenanza-media","status":"publish","type":"post","link":"http:\/\/sanignacioconcepcion.cl\/sitio\/liturgia-de-miercoles-santo-ensenanza-media\/","title":{"rendered":"Liturgia de mi\u00e9rcoles santo, Ense\u00f1anza Media"},"content":{"rendered":"<p>Los estudiantes de ense\u00f1anza media celebraron la liturgia de Mi\u00e9rcoles Santo, centrada en reflexionar sobre la vida y acciones de Jes\u00fas. Durante la actividad, se proyectaron momentos clave de su historia, milagros y desaf\u00edos a las normas sociales. Los j\u00f3venes observaron con seriedad tanto la alegr\u00eda de los bendecidos como el rechazo de los cr\u00edticos. Este clima facilit\u00f3 una conexi\u00f3n genuina con el mensaje de compasi\u00f3n y valent\u00eda que se buscaba transmitir.<\/p>\n<p>Los alumnos formaron equipos mediante una din\u00e1mica de b\u00fasqueda de s\u00edmbolos. En este espacio, analizaron por qu\u00e9 Jes\u00fas romp\u00eda esquemas y c\u00f3mo reaccionar\u00eda la sociedad actual ante sus actos de entrega. El debate permiti\u00f3 profundizar en el amor al pr\u00f3jimo sin prejuicios.<\/p>\n<p>La actividad culmin\u00f3 con un desaf\u00edo central, donde cada equipo complet\u00f3 la frase: \u00abAmar como Jes\u00fas significa&#8230;\u00bb<br \/>\n\u00bfQu\u00e9 crees tu? \u00bfQu\u00e9 significa amar como Jes\u00fas?\u00a0 \u00a0<a href=\"https:\/\/photos.app.goo.gl\/Kmv7Fv9my5fauh4eA\">Ver Fotos<\/a><\/p>\n","protected":false},"excerpt":{"rendered":"<p>Los estudiantes de ense\u00f1anza media celebraron la liturgia de Mi\u00e9rcoles Santo, centrada en reflexionar sobre la vida y acciones de Jes\u00fas. Durante la actividad, se proyectaron momentos clave de su historia, milagros y desaf\u00edos a las normas sociales. Los j\u00f3venes observaron con seriedad tanto la alegr\u00eda de los bendecidos como el rechazo de los cr\u00edticos.&hellip;<\/p>\n","protected":false},"author":1,"featured_media":11231,"comment_status":"closed","ping_status":"closed","sticky":false,"template":"","format":"standard","meta":[],"categories":[4],"tags":[],"_links":{"self":[{"href":"http:\/\/sanignacioconcepcion.cl\/sitio\/wp-json\/wp\/v2\/posts\/11230"}],"collection":[{"href":"http:\/\/sanignacioconcepcion.cl\/sitio\/wp-json\/wp\/v2\/posts"}],"about":[{"href":"http:\/\/sanignacioconcepcion.cl\/sitio\/wp-json\/wp\/v2\/types\/post"}],"author":[{"embeddable":true,"href":"http:\/\/sanignacioconcepcion.cl\/sitio\/wp-json\/wp\/v2\/users\/1"}],"replies":[{"embeddable":true,"href":"http:\/\/sanignacioconcepcion.cl\/sitio\/wp-json\/wp\/v2\/comments?post=11230"}],"version-history":[{"count":1,"href":"http:\/\/sanignacioconcepcion.cl\/sitio\/wp-json\/wp\/v2\/posts\/11230\/revisions"}],"predecessor-version":[{"id":11232,"href":"http:\/\/sanignacioconcepcion.cl\/sitio\/wp-json\/wp\/v2\/posts\/11230\/revisions\/11232"}],"wp:featuredmedia":[{"embeddable":true,"href":"http:\/\/sanignacioconcepcion.cl\/sitio\/wp-json\/wp\/v2\/media\/11231"}],"wp:attachment":[{"href":"http:\/\/sanignacioconcepcion.cl\/sitio\/wp-json\/wp\/v2\/media?parent=11230"}],"wp:term":[{"taxonomy":"category","embeddable":true,"href":"http:\/\/sanignacioconcepcion.cl\/sitio\/wp-json\/wp\/v2\/categories?post=11230"},{"taxonomy":"post_tag","embeddable":true,"href":"http:\/\/sanignacioconcepcion.cl\/sitio\/wp-json\/wp\/v2\/tags?post=11230"}],"curies":[{"name":"wp","href":"https:\/\/api.w.org\/{rel}","templated":true}]}}