{"id":11233,"date":"2026-04-02T13:17:43","date_gmt":"2026-04-02T16:17:43","guid":{"rendered":"https:\/\/sanignacioconcepcion.cl\/sitio\/?p=11233"},"modified":"2026-04-05T20:43:04","modified_gmt":"2026-04-05T23:43:04","slug":"11233-2","status":"publish","type":"post","link":"http:\/\/sanignacioconcepcion.cl\/sitio\/11233-2\/","title":{"rendered":"Jueves santo con estudiantes"},"content":{"rendered":"<p>Hoy vivimos un Jueves Santo lleno de cari\u00f1o y esp\u00edritu. Cada curso comparti\u00f3 un momento especial junto a sus profesores jefes, recordando la alegr\u00eda de estar unidos. Los ni\u00f1os de 3\u00b0 y 4\u00b0 b\u00e1sico se reunieron en la capilla con nuestro capell\u00e1n, Juan Pablo Moyano SJ, para vivir su propia \u00ab\u00daltima Cena\u00bb. Fue emocionante verlos compartir el pan y las uvas con tanta sencillez, sinti\u00e9ndose parte de una gran familia, que crece valorando la compa\u00f1\u00eda y el encuentro fraterno desde el coraz\u00f3n.<\/p>\n<p>En esta jornada tambi\u00e9n brotaron gestos de mucha ternura, como el lavado de pies a los m\u00e1s peque\u00f1itos y de manos a los mayores. Estos signos de humildad nos forman como comunidad ignaciana, ense\u00f1\u00e1ndonos a cuidarnos y estar siempre dispuestos para los dem\u00e1s. Fue una ma\u00f1ana hermosa que fortaleci\u00f3 nuestros lazos, dej\u00e1ndonos el alma llena de paz para esperar la Pascua en nuestra querida comunidad escolar. <a href=\"https:\/\/photos.app.goo.gl\/P7ihb8ixAoxYxoUq8\">Ver Fotos<\/a><\/p>\n","protected":false},"excerpt":{"rendered":"<p>Hoy vivimos un Jueves Santo lleno de cari\u00f1o y esp\u00edritu. Cada curso comparti\u00f3 un momento especial junto a sus profesores jefes, recordando la alegr\u00eda de estar unidos. Los ni\u00f1os de 3\u00b0 y 4\u00b0 b\u00e1sico se reunieron en la capilla con nuestro capell\u00e1n, Juan Pablo Moyano SJ, para vivir su propia \u00ab\u00daltima Cena\u00bb. Fue emocionante verlos&hellip;<\/p>\n","protected":false},"author":1,"featured_media":11236,"comment_status":"closed","ping_status":"closed","sticky":false,"template":"","format":"standard","meta":[],"categories":[4],"tags":[],"_links":{"self":[{"href":"http:\/\/sanignacioconcepcion.cl\/sitio\/wp-json\/wp\/v2\/posts\/11233"}],"collection":[{"href":"http:\/\/sanignacioconcepcion.cl\/sitio\/wp-json\/wp\/v2\/posts"}],"about":[{"href":"http:\/\/sanignacioconcepcion.cl\/sitio\/wp-json\/wp\/v2\/types\/post"}],"author":[{"embeddable":true,"href":"http:\/\/sanignacioconcepcion.cl\/sitio\/wp-json\/wp\/v2\/users\/1"}],"replies":[{"embeddable":true,"href":"http:\/\/sanignacioconcepcion.cl\/sitio\/wp-json\/wp\/v2\/comments?post=11233"}],"version-history":[{"count":2,"href":"http:\/\/sanignacioconcepcion.cl\/sitio\/wp-json\/wp\/v2\/posts\/11233\/revisions"}],"predecessor-version":[{"id":11247,"href":"http:\/\/sanignacioconcepcion.cl\/sitio\/wp-json\/wp\/v2\/posts\/11233\/revisions\/11247"}],"wp:featuredmedia":[{"embeddable":true,"href":"http:\/\/sanignacioconcepcion.cl\/sitio\/wp-json\/wp\/v2\/media\/11236"}],"wp:attachment":[{"href":"http:\/\/sanignacioconcepcion.cl\/sitio\/wp-json\/wp\/v2\/media?parent=11233"}],"wp:term":[{"taxonomy":"category","embeddable":true,"href":"http:\/\/sanignacioconcepcion.cl\/sitio\/wp-json\/wp\/v2\/categories?post=11233"},{"taxonomy":"post_tag","embeddable":true,"href":"http:\/\/sanignacioconcepcion.cl\/sitio\/wp-json\/wp\/v2\/tags?post=11233"}],"curies":[{"name":"wp","href":"https:\/\/api.w.org\/{rel}","templated":true}]}}